{"id":3909,"date":"2024-09-16T13:34:14","date_gmt":"2024-09-16T11:34:14","guid":{"rendered":"http:\/\/gruene-lk-ks.de\/baunatal\/?p=3909"},"modified":"2024-09-16T13:35:11","modified_gmt":"2024-09-16T11:35:11","slug":"gruene-baunatal-waehlen-neuen-ortsverbandsvorstand-2","status":"publish","type":"post","link":"http:\/\/gruene-lk-ks.de\/baunatal\/gruene-baunatal-waehlen-neuen-ortsverbandsvorstand-2\/","title":{"rendered":"Gr\u00fcne Baunatal w\u00e4hlen neuen Ortsverbandsvorstand"},"content":{"rendered":"\n<p>Am 10.09.2024 fand unsere diesj\u00e4hrige Jahreshauptversammlung in der Stadthalle Baunatal statt. Nach der Begr\u00fc\u00dfung legten der Vorstand und der Schatzmeister ihren Rechenschaftsbericht ab und wurde nach kurzer Aussprache entlastet.<\/p>\n\n\n\n<p>Anschlie\u00dfend w\u00e4hlten wir einen neuen Ortsverbandsvorstand. Zur neuen Vorstandssprecherin wurde <strong>Damaris M\u00fcller<\/strong> gew\u00e4hlt. Als Vorstandssprecher wurde <strong>Marcel Suttner<\/strong> wiedergew\u00e4hlt. Die beiden werden in Zukunft die Doppelspitze unseres Ortsverbands bilden.<\/p>\n\n\n\n<p>Komplettiert wird der Vorstand von unserem neuen Schatzmeister <strong>Jonas B\u00f6hme<\/strong> und den zwei Beisitzer:innen <strong>Britt Mareen Hilmes<\/strong> und <strong>Lars Sch\u00fc\u00dfler<\/strong>.<\/p>\n\n\n\n<p>An dieser Stelle m\u00f6chten wir auch den ausscheidenden Vorstandsmitgliedern Irle J\u00fcrgens, Edith Siegk, Lothar Rost und Edmund Borschel f\u00fcr ihre gute Arbeit danken!<\/p>\n\n\n\n<p>Im weiteren Verlauf der JHV berichteten Ede Borschel und Damaris M\u00fcller \u00fcber die aktuelle Arbeit und Neuaufstellung der Fraktion. Es folgte auch hier eine Aussprache untereinander. Unter Verschiedenes wurde auf unseren anstehenden <strong>Familienstammtisch am 22.09.2024 ab 14.30 Uhr im Stadtpark<\/strong> und auf eine geplante Veranstaltung zum Bauna-Sprinter hingewiesen.<\/p>\n","protected":false},"excerpt":{"rendered":"<p>Am 10.09.2024 fand unsere diesj\u00e4hrige Jahreshauptversammlung in der Stadthalle Baunatal statt. Nach der Begr\u00fc\u00dfung legten der Vorstand und der Schatzmeister ihren Rechenschaftsbericht ab und wurde nach kurzer Aussprache entlastet. Anschlie\u00dfend&#8230; <\/p>\n","protected":false},"author":23,"featured_media":3910,"comment_status":"closed","ping_status":"open","sticky":false,"template":"","format":"standard","meta":{"ngg_post_thumbnail":0},"categories":[1,7113],"tags":[],"_links":{"self":[{"href":"http:\/\/gruene-lk-ks.de\/baunatal\/wp-json\/wp\/v2\/posts\/3909"}],"collection":[{"href":"http:\/\/gruene-lk-ks.de\/baunatal\/wp-json\/wp\/v2\/posts"}],"about":[{"href":"http:\/\/gruene-lk-ks.de\/baunatal\/wp-json\/wp\/v2\/types\/post"}],"author":[{"embeddable":true,"href":"http:\/\/gruene-lk-ks.de\/baunatal\/wp-json\/wp\/v2\/users\/23"}],"replies":[{"embeddable":true,"href":"http:\/\/gruene-lk-ks.de\/baunatal\/wp-json\/wp\/v2\/comments?post=3909"}],"version-history":[{"count":1,"href":"http:\/\/gruene-lk-ks.de\/baunatal\/wp-json\/wp\/v2\/posts\/3909\/revisions"}],"predecessor-version":[{"id":3911,"href":"http:\/\/gruene-lk-ks.de\/baunatal\/wp-json\/wp\/v2\/posts\/3909\/revisions\/3911"}],"wp:featuredmedia":[{"embeddable":true,"href":"http:\/\/gruene-lk-ks.de\/baunatal\/wp-json\/wp\/v2\/media\/3910"}],"wp:attachment":[{"href":"http:\/\/gruene-lk-ks.de\/baunatal\/wp-json\/wp\/v2\/media?parent=3909"}],"wp:term":[{"taxonomy":"category","embeddable":true,"href":"http:\/\/gruene-lk-ks.de\/baunatal\/wp-json\/wp\/v2\/categories?post=3909"},{"taxonomy":"post_tag","embeddable":true,"href":"http:\/\/gruene-lk-ks.de\/baunatal\/wp-json\/wp\/v2\/tags?post=3909"}],"curies":[{"name":"wp","href":"https:\/\/api.w.org\/{rel}","templated":true}]}}