{"id":391,"date":"2016-01-05T17:45:57","date_gmt":"2016-01-05T15:45:57","guid":{"rendered":"http:\/\/gruene-lk-ks.de\/baunatal\/?p=391"},"modified":"2016-01-13T21:47:50","modified_gmt":"2016-01-13T19:47:50","slug":"gruene-stadtverordnete-spenden-fuer-bdks-weihnachtsfeier","status":"publish","type":"post","link":"http:\/\/gruene-lk-ks.de\/baunatal\/gruene-stadtverordnete-spenden-fuer-bdks-weihnachtsfeier\/","title":{"rendered":"GR\u00dcNE Stadtverordnete spenden f\u00fcr bdks-Weihnachtsfeier"},"content":{"rendered":"<p style=\"text-align: right\">\u00a0 04. Jan. 2016<\/p>\n<p><b>GR\u00dcNE Stadtverordnete spenden f\u00fcr bdks-Weihnachtsfeier<\/b><\/p>\n<p style=\"text-align: justify\">Bereits im zweiten Jahr wurden die GR\u00dcNEN Baunatal zur Diakonie-Weihnachtsfeier von der Sektion \u201eBetreutes Wohnen\u201c ins Begegnungszentrum am Marktplatz 5\u00a0 eingeladen. Diesmal wurde von den Stadtverordneten allerdings nicht gekocht. Stattdessen gab es nach den obligatorischen Grillw\u00fcrstchen des Hauses ein Sortiment von vier verschiedenen schmackhaften Desserts, welche von den GR\u00dcNEN Stadtverordneten J\u00fcrgen B\u00f6hme, Edmund Borschel und Ursula Dittmar-L\u00f6we zubereitet wurden und von den 50 BesucherInnen der Feier mit Begeisterung angenommen wurden.<\/p>\n<div id=\"attachment_438\" class=\"wp-caption aligncenter\" style=\"width: 783px\"><a class=\"fancybox\" rel=\"gallery391\" href=\"http:\/\/gruene-lk-ks.de\/baunatal\/files\/2016\/01\/dsc_0411.jpg\" rel=\"attachment wp-att-438\"><img loading=\"lazy\" class=\"size-large wp-image-438\" src=\"http:\/\/gruene-lk-ks.de\/baunatal\/files\/2016\/01\/dsc_0411-800x529.jpg\" alt=\"Reger Andrang bei den \u201eS\u00fc\u00dfen Nachtischkompositionen\u201c\" width=\"783\" height=\"518\" srcset=\"http:\/\/gruene-lk-ks.de\/baunatal\/files\/2016\/01\/dsc_0411.jpg 800w, http:\/\/gruene-lk-ks.de\/baunatal\/files\/2016\/01\/dsc_0411-400x265.jpg 400w, http:\/\/gruene-lk-ks.de\/baunatal\/files\/2016\/01\/dsc_0411-768x508.jpg 768w, http:\/\/gruene-lk-ks.de\/baunatal\/files\/2016\/01\/dsc_0411-150x99.jpg 150w\" sizes=\"(max-width: 783px) 100vw, 783px\" \/><\/a><p class=\"wp-caption-text\">Reger Andrang bei den \u201eS\u00fc\u00dfen Nachtischkompositionen\u201c<\/p><\/div>\n<p style=\"text-align: justify\">Da Weihnachten das Fest der Liebe, der Wertsch\u00e4tzung und des Schenkens ist, konnte als eine Art \u201cZugabe\u201c\u00a0 von den GR\u00dcNEN Stadtverordneten Ursula Dittmar-L\u00f6we, Edmund Borschel und Lothar Rost sowie Dzemila Dorschner diesmal sogar einen Scheck in H\u00f6he von 200,- EURO an Frau Martina Rohde (bdks) \u00fcberreicht werden. Das Geld wurde bei\u00a0 einer Spendenaktion auf dem Marktplatz im November 2015 gesammelt: f\u00fcr die Baunataler Werkst\u00e4tten und die Baunataler Fl\u00fcchtlingsunterkunft in Hertingshausen. Aufgestockt wurde der Betrag noch durch Sitzungsgelder der GR\u00dcNEN Stadtverordnetenfraktion.<\/p>\n<div id=\"attachment_439\" class=\"wp-caption aligncenter\" style=\"width: 783px\"><a class=\"fancybox\" rel=\"gallery391\" href=\"http:\/\/gruene-lk-ks.de\/baunatal\/files\/2016\/01\/dsc_0422.jpg\" rel=\"attachment wp-att-439\"><img loading=\"lazy\" class=\"size-large wp-image-439\" src=\"http:\/\/gruene-lk-ks.de\/baunatal\/files\/2016\/01\/dsc_0422-800x529.jpg\" alt=\"Scheck\u00fcbergabe an Frau Martina Rohde (bdks) und ihre Klienten\u2028\" width=\"783\" height=\"518\" srcset=\"http:\/\/gruene-lk-ks.de\/baunatal\/files\/2016\/01\/dsc_0422.jpg 800w, http:\/\/gruene-lk-ks.de\/baunatal\/files\/2016\/01\/dsc_0422-400x265.jpg 400w, http:\/\/gruene-lk-ks.de\/baunatal\/files\/2016\/01\/dsc_0422-768x508.jpg 768w, http:\/\/gruene-lk-ks.de\/baunatal\/files\/2016\/01\/dsc_0422-150x99.jpg 150w\" sizes=\"(max-width: 783px) 100vw, 783px\" \/><\/a><p class=\"wp-caption-text\">Scheck\u00fcbergabe an Frau Martina Rohde (bdks) und ihre Klienten<\/p><\/div>\n<p style=\"text-align: justify\">Frau Rohde dankte ganz herzlich und versprach in Absprache mit den BetreuerInnen und alle KlientInnen \u00fcber einen sinnvollen Einsatz der Spende zu beraten.<\/p>\n<p style=\"text-align: justify\">Zu weihnachtlichen Gedanken und Kl\u00e4ngen sowie bei guten Gespr\u00e4chen klang das Fest aus. Wir GR\u00dcNE freuen uns auf ein Neues in 2016!<\/p>\n<p style=\"text-align: justify\">Die GR\u00dcNEN Baunatal w\u00fcnschen allen Besch\u00e4ftigten und Klienten der Diakonie und den Wohngruppen im kommenden Jahr weiterhin viel Freude und Erfolg bei der gemeinsamen Arbeit.<\/p>\n","protected":false},"excerpt":{"rendered":"<p>\u00a0 04. Jan. 2016 GR\u00dcNE Stadtverordnete spenden f\u00fcr bdks-Weihnachtsfeier Bereits im zweiten Jahr wurden die GR\u00dcNEN Baunatal zur Diakonie-Weihnachtsfeier von der Sektion \u201eBetreutes Wohnen\u201c ins Begegnungszentrum am Marktplatz 5\u00a0 eingeladen&#8230;. <\/p>\n","protected":false},"author":6,"featured_media":438,"comment_status":"open","ping_status":"open","sticky":false,"template":"","format":"standard","meta":{"ngg_post_thumbnail":0},"categories":[1],"tags":[],"_links":{"self":[{"href":"http:\/\/gruene-lk-ks.de\/baunatal\/wp-json\/wp\/v2\/posts\/391"}],"collection":[{"href":"http:\/\/gruene-lk-ks.de\/baunatal\/wp-json\/wp\/v2\/posts"}],"about":[{"href":"http:\/\/gruene-lk-ks.de\/baunatal\/wp-json\/wp\/v2\/types\/post"}],"author":[{"embeddable":true,"href":"http:\/\/gruene-lk-ks.de\/baunatal\/wp-json\/wp\/v2\/users\/6"}],"replies":[{"embeddable":true,"href":"http:\/\/gruene-lk-ks.de\/baunatal\/wp-json\/wp\/v2\/comments?post=391"}],"version-history":[{"count":5,"href":"http:\/\/gruene-lk-ks.de\/baunatal\/wp-json\/wp\/v2\/posts\/391\/revisions"}],"predecessor-version":[{"id":441,"href":"http:\/\/gruene-lk-ks.de\/baunatal\/wp-json\/wp\/v2\/posts\/391\/revisions\/441"}],"wp:featuredmedia":[{"embeddable":true,"href":"http:\/\/gruene-lk-ks.de\/baunatal\/wp-json\/wp\/v2\/media\/438"}],"wp:attachment":[{"href":"http:\/\/gruene-lk-ks.de\/baunatal\/wp-json\/wp\/v2\/media?parent=391"}],"wp:term":[{"taxonomy":"category","embeddable":true,"href":"http:\/\/gruene-lk-ks.de\/baunatal\/wp-json\/wp\/v2\/categories?post=391"},{"taxonomy":"post_tag","embeddable":true,"href":"http:\/\/gruene-lk-ks.de\/baunatal\/wp-json\/wp\/v2\/tags?post=391"}],"curies":[{"name":"wp","href":"https:\/\/api.w.org\/{rel}","templated":true}]}}