{"id":3913,"date":"2024-09-23T10:53:06","date_gmt":"2024-09-23T08:53:06","guid":{"rendered":"http:\/\/gruene-lk-ks.de\/baunatal\/?p=3913"},"modified":"2024-09-23T10:53:08","modified_gmt":"2024-09-23T08:53:08","slug":"erfolgreiche-veranstaltung-zur-e-mobilitaet","status":"publish","type":"post","link":"http:\/\/gruene-lk-ks.de\/baunatal\/erfolgreiche-veranstaltung-zur-e-mobilitaet\/","title":{"rendered":"Erfolgreiche Veranstaltung zur E-Mobilit\u00e4t"},"content":{"rendered":"\n<p>Am Samstag, den 31.08.24 fand die Informationsveranstaltung \u201eElektro-Mobilit\u00e4t erFahren\u201c im und am Cineplex Baunatal statt. Geladen hatte die Arbeitsgemeinschaft Energie des Ortsverbandes B\u00fcndnis 90\/Die Gr\u00fcnen.<\/p>\n\n\n\n<p>Neben einer Filmvorf\u00fchrung von Prof. Dr. Volker Quaschning, gab es sehr informative Vortr\u00e4ge von Markus Emmert (BEM), Melanie-Susanne Heinemann (St\u00e4dtische Werke) und Julia Maulhardt (Private Beraterin). Letzte sprang spontan ein, als unser Gastredner der EAM Natur Energie kurzfristig absagen musste.<\/p>\n\n\n\n<p>Durch den Filmvortrag von Prof. Dr. Volker Quaschning wurde deutlich, warum es so wichtig ist, dass wir uns vermehrt um die Mobilit\u00e4tswende in Deutschland k\u00fcmmern m\u00fcssen. Unser Klima ver\u00e4ndert sich, wir stehen vor gro\u00dfen Herausforderungen und die E-Mobilit\u00e4t ist da ein Teil der L\u00f6sung. Denn diese behandelt nicht nur den privaten Individualverkehr, sondern auch die M\u00f6glichkeiten und Perspektiven f\u00fcr die Industrie und Wirtschaft in Deutschland. Markus Emmert zeigte hier nicht nur den aktuellen Stand der Elektromobilit\u00e4t in Deutschland auf, sondern auch die M\u00f6glichkeiten, die diese Technologie uns zuk\u00fcnftig auch im Rahmen der gesamten Energiewende noch bieten kann. Bereiche wie Warentransport, Flugverkehr und Schifffahrt stehen in den Startl\u00f6chern f\u00fcr die Elektromobilit\u00e4t. Von anderen L\u00e4ndern, wie z.B. Norwegen und aktuell jetzt auch Spanien, k\u00f6nne man sich da noch gut was abschauen, so Emmert. Diese seien da mutiger an das Thema herangetreten.<\/p>\n\n\n\n<p>Melanie-Susanne Heinemann, beschrieb in Ihrem Vortrag, die Strukturen der St\u00e4dtischen Werke AG und deren Anteil und m\u00f6gliche Perspektiven an eine klimaneutrale Batterie elektrischen Mobilit\u00e4tswende.<\/p>\n\n\n\n<p>Besonders zu erw\u00e4hnen ist noch Frau Julia Maulhartd, die spontan f\u00fcr Herrn Spengler von der EAM eingesprungen ist. In Ihrer T\u00e4tigkeit als Expertin f\u00fcr Elektromobilit\u00e4t ber\u00e4t sie Kommunen und Unternehmen, die Ihre Fahrzeugflotte auf Batterie elektrische Fahrzeuge umstellen wollen. Exemplarisch stellte sie eine solche Beratung vor und verglich anhand von konkreten Zahlen, die \u00f6konomischen und \u00f6kologischen Auswirkungen von Batterie-elektrischen Fahrzeugflotten und Fahrzeugflotten mit Verbrennungsmotor.<\/p>\n\n\n\n<p>Abschlie\u00dfend stellten sich die Vortragenden den kritischen Fragen des Publikums.<\/p>\n\n\n\n<p>Neben den Vortr\u00e4gen im Kinosaal konnten interessierte Besucher*innen im Au\u00dfenbereich viele verschiedene E-Auto Modelle begutachten und mit den Besitzern ins Gespr\u00e4ch kommen. Es konnten viele Fragen beantwortet werden und bei Interesse konnte man die Fahrzeuge auch zur Probe fahren.<\/p>\n\n\n\n<p>Auf der Empore vor dem Kinosaal erz\u00e4hlte Willi Volmar von seinen Abenteuern mit einem von ihm selbst umgebauten E-Auto, mit dem er bereits vor \u00fcber 30 Jahren an Ralleys teilnahm.<\/p>\n\n\n\n<p>Gro\u00dfen Zuspruch fanden auch die E-Scooter der Firma \u201eE-Scooter Center Kassel\u201c, die man auch vor Ort Probe fahren konnte.<\/p>\n","protected":false},"excerpt":{"rendered":"<p>Am Samstag, den 31.08.24 fand die Informationsveranstaltung \u201eElektro-Mobilit\u00e4t erFahren\u201c im und am Cineplex Baunatal statt. Geladen hatte die Arbeitsgemeinschaft Energie des Ortsverbandes B\u00fcndnis 90\/Die Gr\u00fcnen. Neben einer Filmvorf\u00fchrung von Prof&#8230;. <\/p>\n","protected":false},"author":23,"featured_media":3914,"comment_status":"closed","ping_status":"open","sticky":false,"template":"","format":"standard","meta":{"ngg_post_thumbnail":0},"categories":[1,7113,7100],"tags":[],"_links":{"self":[{"href":"http:\/\/gruene-lk-ks.de\/baunatal\/wp-json\/wp\/v2\/posts\/3913"}],"collection":[{"href":"http:\/\/gruene-lk-ks.de\/baunatal\/wp-json\/wp\/v2\/posts"}],"about":[{"href":"http:\/\/gruene-lk-ks.de\/baunatal\/wp-json\/wp\/v2\/types\/post"}],"author":[{"embeddable":true,"href":"http:\/\/gruene-lk-ks.de\/baunatal\/wp-json\/wp\/v2\/users\/23"}],"replies":[{"embeddable":true,"href":"http:\/\/gruene-lk-ks.de\/baunatal\/wp-json\/wp\/v2\/comments?post=3913"}],"version-history":[{"count":1,"href":"http:\/\/gruene-lk-ks.de\/baunatal\/wp-json\/wp\/v2\/posts\/3913\/revisions"}],"predecessor-version":[{"id":3915,"href":"http:\/\/gruene-lk-ks.de\/baunatal\/wp-json\/wp\/v2\/posts\/3913\/revisions\/3915"}],"wp:featuredmedia":[{"embeddable":true,"href":"http:\/\/gruene-lk-ks.de\/baunatal\/wp-json\/wp\/v2\/media\/3914"}],"wp:attachment":[{"href":"http:\/\/gruene-lk-ks.de\/baunatal\/wp-json\/wp\/v2\/media?parent=3913"}],"wp:term":[{"taxonomy":"category","embeddable":true,"href":"http:\/\/gruene-lk-ks.de\/baunatal\/wp-json\/wp\/v2\/categories?post=3913"},{"taxonomy":"post_tag","embeddable":true,"href":"http:\/\/gruene-lk-ks.de\/baunatal\/wp-json\/wp\/v2\/tags?post=3913"}],"curies":[{"name":"wp","href":"https:\/\/api.w.org\/{rel}","templated":true}]}}