{"id":3917,"date":"2024-09-29T16:55:26","date_gmt":"2024-09-29T14:55:26","guid":{"rendered":"http:\/\/gruene-lk-ks.de\/baunatal\/?p=3917"},"modified":"2024-09-29T16:55:28","modified_gmt":"2024-09-29T14:55:28","slug":"erster-familienstammtisch-ein-voller-erfolg","status":"publish","type":"post","link":"http:\/\/gruene-lk-ks.de\/baunatal\/erster-familienstammtisch-ein-voller-erfolg\/","title":{"rendered":"Erster Familienstammtisch \u2013 ein voller Erfolg!"},"content":{"rendered":"\n<p>Mit rund drei Dutzend Kindern, Eltern und Einzelpersonen war der 1. Familienstammtisch der Gr\u00fcnen Baunatal am 22.09.2024 ein voller Erfolg. Die Kinder hatten viel Spa\u00df auf der Slagline, beim Spielen mit den selbstproduzierten, schillernden Riesen-Seifenblasen oder auch beim Ballspielen und Crocket. Auch die angebotenen \u2013 gesunden \u2013 Snacks und Getr\u00e4nke fanden rei\u00dfenden Absatz.<\/p>\n\n\n\n<p>Wir freuen uns sehr, dass dieses neue Angebot, unseren Gr\u00fcnen Stammtisch im Stadtpark auf der Wiese zu veranstalten, so gut angenommen worden ist. Nicht nur anl\u00e4sslich des Weltkindertages, der bei diesem Termin sozusagen Pate stand, k\u00f6nnen wir uns zuk\u00fcnftig mindestens zwei Stammtisch-Termine in diesem neuen Format vorstellen.<\/p>\n\n\n\n<p>Wir m\u00f6chten gerne ganz nah an allen Baunatalerinnen und Baunatalern dran sein: Eure Themen sind unsere Themen &#8211; GR\u00dcNE Kommunalpolitik zum Anfassen und Mitgestalten! Besucht uns auch gerne beim n\u00e4chsten (regul\u00e4ren) Stammtisch voraussichtlich am 13.11.2024 abends und nat\u00fcrlich auch auf instagram: gruenebaunatal, Web: gruene-lk-ks.de\/baunatal, Mail: gruene.baunatal@gmx.de<\/p>\n","protected":false},"excerpt":{"rendered":"<p>Mit rund drei Dutzend Kindern, Eltern und Einzelpersonen war der 1. Familienstammtisch der Gr\u00fcnen Baunatal am 22.09.2024 ein voller Erfolg. Die Kinder hatten viel Spa\u00df auf der Slagline, beim Spielen&#8230; <\/p>\n","protected":false},"author":23,"featured_media":3918,"comment_status":"closed","ping_status":"open","sticky":false,"template":"","format":"standard","meta":{"ngg_post_thumbnail":0},"categories":[1,7113,7100],"tags":[],"_links":{"self":[{"href":"http:\/\/gruene-lk-ks.de\/baunatal\/wp-json\/wp\/v2\/posts\/3917"}],"collection":[{"href":"http:\/\/gruene-lk-ks.de\/baunatal\/wp-json\/wp\/v2\/posts"}],"about":[{"href":"http:\/\/gruene-lk-ks.de\/baunatal\/wp-json\/wp\/v2\/types\/post"}],"author":[{"embeddable":true,"href":"http:\/\/gruene-lk-ks.de\/baunatal\/wp-json\/wp\/v2\/users\/23"}],"replies":[{"embeddable":true,"href":"http:\/\/gruene-lk-ks.de\/baunatal\/wp-json\/wp\/v2\/comments?post=3917"}],"version-history":[{"count":1,"href":"http:\/\/gruene-lk-ks.de\/baunatal\/wp-json\/wp\/v2\/posts\/3917\/revisions"}],"predecessor-version":[{"id":3919,"href":"http:\/\/gruene-lk-ks.de\/baunatal\/wp-json\/wp\/v2\/posts\/3917\/revisions\/3919"}],"wp:featuredmedia":[{"embeddable":true,"href":"http:\/\/gruene-lk-ks.de\/baunatal\/wp-json\/wp\/v2\/media\/3918"}],"wp:attachment":[{"href":"http:\/\/gruene-lk-ks.de\/baunatal\/wp-json\/wp\/v2\/media?parent=3917"}],"wp:term":[{"taxonomy":"category","embeddable":true,"href":"http:\/\/gruene-lk-ks.de\/baunatal\/wp-json\/wp\/v2\/categories?post=3917"},{"taxonomy":"post_tag","embeddable":true,"href":"http:\/\/gruene-lk-ks.de\/baunatal\/wp-json\/wp\/v2\/tags?post=3917"}],"curies":[{"name":"wp","href":"https:\/\/api.w.org\/{rel}","templated":true}]}}