{"id":395,"date":"2016-01-05T17:40:08","date_gmt":"2016-01-05T15:40:08","guid":{"rendered":"http:\/\/gruene-lk-ks.de\/baunatal\/?p=395"},"modified":"2016-01-09T10:15:30","modified_gmt":"2016-01-09T08:15:30","slug":"occhiausstellung-am-18-01-im-vereinshaus-altenritte","status":"publish","type":"post","link":"http:\/\/gruene-lk-ks.de\/baunatal\/occhiausstellung-am-18-01-im-vereinshaus-altenritte\/","title":{"rendered":"Occhiausstellung am 18.01. im Vereinshaus Altenritte"},"content":{"rendered":"<div style=\"text-align: justify\"><b><big>Veranstaltungshinweis f\u00fcr Kunstliebhaber<\/big><\/b><\/p>\n<p>Zur Verabschiedung unserer GR\u00dcNEN Stadtverordneten Ursula Dittmar-Loewe<br \/>\nladen die GR\u00dcNEN Baunatal ein zu einer Kunstausstellung, die das kreative Schaffen von Ursula der letzten Jahre dokumentiert.<\/p><\/div>\n<div style=\"text-align: justify\">\nUnter dem Motto:\u00a0&#8216;<b>Frivolite&#8217;,Schiffchenspitze, Occhi \u00a0<\/b><\/p>\n<div class=\"moz-forward-container\">\n<div>werden am 18.1.2016 im Vereinshaus Altenritte,\u00a0Ritterstra\u00dfe 1 von 11.00 bis 18.00 Uhr die verschiedenartigen Werke der K\u00fcnstlerin \u00f6ffentlich im Erdgeschoss ausgestellt.<\/div>\n<div><\/div>\n<div>Ursula Dittmar-Loewe wird auch die notwendigen Techniken, Materialien und Kunstfertigkeiten erl\u00e4utern.<\/div>\n<div>Da Ursula bei der Kommunalwahl im M\u00e4rz 2016 aus privaten Gr\u00fcnden nicht mehr f\u00fcr die parlamentarische Arbeit zur Verf\u00fcgung steht, m\u00f6chte sie sich bei den\u00a0&#8220;GR\u00dcNEN&#8221; und interessierten B\u00fcrger*innen mit einer\u00a0<b>Occhiausstellung\u00a0<\/b>f\u00fcr die Mitarbeit in der Fraktion und der Stavo bedanken.<\/div>\n<\/div>\n<\/div>\n","protected":false},"excerpt":{"rendered":"<p>Veranstaltungshinweis f\u00fcr Kunstliebhaber Zur Verabschiedung unserer GR\u00dcNEN Stadtverordneten Ursula Dittmar-Loewe laden die GR\u00dcNEN Baunatal ein zu einer Kunstausstellung, die das kreative Schaffen von Ursula der letzten Jahre dokumentiert. Unter dem&#8230; <\/p>\n","protected":false},"author":6,"featured_media":396,"comment_status":"open","ping_status":"open","sticky":false,"template":"","format":"standard","meta":{"ngg_post_thumbnail":0},"categories":[1],"tags":[],"_links":{"self":[{"href":"http:\/\/gruene-lk-ks.de\/baunatal\/wp-json\/wp\/v2\/posts\/395"}],"collection":[{"href":"http:\/\/gruene-lk-ks.de\/baunatal\/wp-json\/wp\/v2\/posts"}],"about":[{"href":"http:\/\/gruene-lk-ks.de\/baunatal\/wp-json\/wp\/v2\/types\/post"}],"author":[{"embeddable":true,"href":"http:\/\/gruene-lk-ks.de\/baunatal\/wp-json\/wp\/v2\/users\/6"}],"replies":[{"embeddable":true,"href":"http:\/\/gruene-lk-ks.de\/baunatal\/wp-json\/wp\/v2\/comments?post=395"}],"version-history":[{"count":8,"href":"http:\/\/gruene-lk-ks.de\/baunatal\/wp-json\/wp\/v2\/posts\/395\/revisions"}],"predecessor-version":[{"id":406,"href":"http:\/\/gruene-lk-ks.de\/baunatal\/wp-json\/wp\/v2\/posts\/395\/revisions\/406"}],"wp:featuredmedia":[{"embeddable":true,"href":"http:\/\/gruene-lk-ks.de\/baunatal\/wp-json\/wp\/v2\/media\/396"}],"wp:attachment":[{"href":"http:\/\/gruene-lk-ks.de\/baunatal\/wp-json\/wp\/v2\/media?parent=395"}],"wp:term":[{"taxonomy":"category","embeddable":true,"href":"http:\/\/gruene-lk-ks.de\/baunatal\/wp-json\/wp\/v2\/categories?post=395"},{"taxonomy":"post_tag","embeddable":true,"href":"http:\/\/gruene-lk-ks.de\/baunatal\/wp-json\/wp\/v2\/tags?post=395"}],"curies":[{"name":"wp","href":"https:\/\/api.w.org\/{rel}","templated":true}]}}