{"id":3956,"date":"2024-11-07T11:28:27","date_gmt":"2024-11-07T09:28:27","guid":{"rendered":"http:\/\/gruene-lk-ks.de\/baunatal\/?p=3956"},"modified":"2024-11-07T11:28:29","modified_gmt":"2024-11-07T09:28:29","slug":"die-gruenen-feierten-den-kuerbis-an-der-muehle-in-guntershausen","status":"publish","type":"post","link":"http:\/\/gruene-lk-ks.de\/baunatal\/die-gruenen-feierten-den-kuerbis-an-der-muehle-in-guntershausen\/","title":{"rendered":"Die GR\u00dcNEN feierten den K\u00fcrbis an der M\u00fchle in Guntershausen"},"content":{"rendered":"\n<p>Bombastisches Herbstwetter, reges Treiben und Kinderlachen setzten den Rahmen f\u00fcr das K\u00fcrbisfest der GR\u00dcNEN Baunatal Ende Oktober im wunderbaren Ambiente der Guntersh\u00e4user Wasserm\u00fchle. Mehr als 80 unbearbeitete K\u00fcrbisse warteten auf die Kinder, gro\u00df und klein, um unter Begleitung ihrer Eltern, je nach Geschmack mal einfach oder filigran geschnitzt und ausgeh\u00f6hlt zu werden. Inzwischen w\u00e4chst der Zuspruch von Jahr zu Jahr, sodass diesmal Damaris M\u00fcller und Lars Sch\u00fc\u00dfler. vom neugew\u00e4hlten GR\u00dcNEN Ortsvorstand die fast 200 G\u00e4ste auf dem picke-packe-vollen M\u00fchlenvorplatz begr\u00fc\u00dfen konnten. Auch der B\u00fcrgermeister Henry Richter schaute f\u00fcr ein Gru\u00dfwort und Gespr\u00e4che vorbei.<\/p>\n\n\n\n<p>Ein buntes, herzhaft oder s\u00fc\u00dfes Buffet lie\u00dfen wir uns schmecken. Wir danken allen Spender:innen an dieser Stelle. Wie immer waren alle Angebote f\u00fcr unsere G\u00e4ste kostenfrei, K\u00fcrbisse eingeschlossen. Aufgestellte Spendensparschweine freuten sich \u201egef\u00fcttert zu werden\u201c, wof\u00fcr wir danken. Ein gro\u00dfer Dank geht gleichfalls an die zahlreichen Helfer:innen an diesem Tag sowie bei der Vor- und Nachbereitung des Events, stellvertretend insbesondere Juliane und Manfred. Ebenso herzlich bedanken wir uns bei der Lorenz-Apotheke in Altenbauna und der ARAL-Tankstelle Marcus Hesse f\u00fcr die wunderbaren Preise, die von Damaris und Lars f\u00fcr die ausgestellten geschnitzten K\u00fcrbisse verlost wurden.<\/p>\n\n\n\n<p>Neben der guten Stimmung beim Schnitzen, auch unter Anleitung von Nadine und Sandro Dittmar, gab es auch noch ein Bastel- und Malangebot von Ursula Dittmar, welches von den Kleinen gern angenommen wurde. Politische Gespr\u00e4che kamen auch nicht zu kurz, ob mit Baunataler, Landkreis Kassel oder Bundestags- Abgeordneten. Alle waren sich einig, diese Tradition soll weiterleben und wir freuen uns schon auf Euch im kommenden Jahr, wenn wir hoffentlich wieder den \u201cK\u00fcrbis hochleben lassen\u201c.<\/p>\n","protected":false},"excerpt":{"rendered":"<p>Bombastisches Herbstwetter, reges Treiben und Kinderlachen setzten den Rahmen f\u00fcr das K\u00fcrbisfest der GR\u00dcNEN Baunatal Ende Oktober im wunderbaren Ambiente der Guntersh\u00e4user Wasserm\u00fchle. Mehr als 80 unbearbeitete K\u00fcrbisse warteten auf&#8230; <\/p>\n","protected":false},"author":23,"featured_media":3957,"comment_status":"closed","ping_status":"open","sticky":false,"template":"","format":"standard","meta":{"ngg_post_thumbnail":0},"categories":[1,7113,7100],"tags":[],"_links":{"self":[{"href":"http:\/\/gruene-lk-ks.de\/baunatal\/wp-json\/wp\/v2\/posts\/3956"}],"collection":[{"href":"http:\/\/gruene-lk-ks.de\/baunatal\/wp-json\/wp\/v2\/posts"}],"about":[{"href":"http:\/\/gruene-lk-ks.de\/baunatal\/wp-json\/wp\/v2\/types\/post"}],"author":[{"embeddable":true,"href":"http:\/\/gruene-lk-ks.de\/baunatal\/wp-json\/wp\/v2\/users\/23"}],"replies":[{"embeddable":true,"href":"http:\/\/gruene-lk-ks.de\/baunatal\/wp-json\/wp\/v2\/comments?post=3956"}],"version-history":[{"count":1,"href":"http:\/\/gruene-lk-ks.de\/baunatal\/wp-json\/wp\/v2\/posts\/3956\/revisions"}],"predecessor-version":[{"id":3958,"href":"http:\/\/gruene-lk-ks.de\/baunatal\/wp-json\/wp\/v2\/posts\/3956\/revisions\/3958"}],"wp:featuredmedia":[{"embeddable":true,"href":"http:\/\/gruene-lk-ks.de\/baunatal\/wp-json\/wp\/v2\/media\/3957"}],"wp:attachment":[{"href":"http:\/\/gruene-lk-ks.de\/baunatal\/wp-json\/wp\/v2\/media?parent=3956"}],"wp:term":[{"taxonomy":"category","embeddable":true,"href":"http:\/\/gruene-lk-ks.de\/baunatal\/wp-json\/wp\/v2\/categories?post=3956"},{"taxonomy":"post_tag","embeddable":true,"href":"http:\/\/gruene-lk-ks.de\/baunatal\/wp-json\/wp\/v2\/tags?post=3956"}],"curies":[{"name":"wp","href":"https:\/\/api.w.org\/{rel}","templated":true}]}}