{"id":3966,"date":"2024-11-18T11:29:21","date_gmt":"2024-11-18T09:29:21","guid":{"rendered":"http:\/\/gruene-lk-ks.de\/baunatal\/?p=3966"},"modified":"2024-11-18T11:29:23","modified_gmt":"2024-11-18T09:29:23","slug":"gut-besuchter-gruenen-stammtisch-im-terra-sicula","status":"publish","type":"post","link":"http:\/\/gruene-lk-ks.de\/baunatal\/gut-besuchter-gruenen-stammtisch-im-terra-sicula\/","title":{"rendered":"Gut besuchter GR\u00dcNEN-Stammtisch im Terra Sicula"},"content":{"rendered":"\n<p>Beim letzten, gut besuchten Stammtisch der GR\u00dcNEN im Ortsverband Baunatal konnten wir zu unserer gro\u00dfen Freude wieder ein neues Mitglied begr\u00fc\u00dfen! Dies zeigt und da waren sich die anwesenden Mitglieder einig, dass der positive Trend mit bundesweit schon \u00fcber 9.000 Neueintritten seit dem Zerbrechen der Bundesregierung und der erneuten Wahl des Rechtspopulisten Donald Trump zum US-Pr\u00e4sidenten auch im Kreis Kassel und in Baunatal ankommt. Green-Bashing ist out! Gr\u00fcne Ideen sind gefragt!<\/p>\n\n\n\n<p>Diskutiert wurde mit Mut und Zuversicht und positiver Grundstimmung, wie auch im Krisenmanagement agiert und nicht nur reagiert werden kann, im Sinne einer zukunftsgerichteten Politik, die MIT den Menschen gestaltet wird, auch mit denjenigen, die skeptisch gegen\u00fcber Ver\u00e4nderungen sind. Verbesserungen in den Bereichen Klima- und Naturschutz, Nachhaltigkeit, Transformation in der Wirtschaft, Erhalt der Arbeitspl\u00e4tze (auch bei VW!), Ausbau der Erneuerbaren Energietr\u00e4ger und des \u00f6ffentlichen Nahverkehrs, bezahlbare Mieten, soziale Gerechtigkeit, Frieden, eine starke, resiliente Demokratie \u2013 also Menschen, die miteinander reden und sich nicht auseinander dividieren \u2026 dies alles sind Themen, die die GR\u00dcNEN in Baunatal nicht nur f\u00fcr Baunatal antreiben! Kreative Ideen f\u00fcr den anstehenden Winterwahlkampf sind lebhaft andiskutiert worden und werden bei einem Organisationstreffen zum Wahlkampf am 10.12.2024 in der Alten Schule Gro\u00dfenritte konkretisiert.<\/p>\n\n\n\n<p><strong>Veranstaltungshinweis:<\/strong> Mitgliederversammlung am 20.11.2024 um 19 Uhr im Vereinshaus Altenbauna<\/p>\n","protected":false},"excerpt":{"rendered":"<p>Beim letzten, gut besuchten Stammtisch der GR\u00dcNEN im Ortsverband Baunatal konnten wir zu unserer gro\u00dfen Freude wieder ein neues Mitglied begr\u00fc\u00dfen! Dies zeigt und da waren sich die anwesenden Mitglieder&#8230; <\/p>\n","protected":false},"author":23,"featured_media":3967,"comment_status":"closed","ping_status":"open","sticky":false,"template":"","format":"standard","meta":{"ngg_post_thumbnail":0},"categories":[1,7113,7100],"tags":[],"_links":{"self":[{"href":"http:\/\/gruene-lk-ks.de\/baunatal\/wp-json\/wp\/v2\/posts\/3966"}],"collection":[{"href":"http:\/\/gruene-lk-ks.de\/baunatal\/wp-json\/wp\/v2\/posts"}],"about":[{"href":"http:\/\/gruene-lk-ks.de\/baunatal\/wp-json\/wp\/v2\/types\/post"}],"author":[{"embeddable":true,"href":"http:\/\/gruene-lk-ks.de\/baunatal\/wp-json\/wp\/v2\/users\/23"}],"replies":[{"embeddable":true,"href":"http:\/\/gruene-lk-ks.de\/baunatal\/wp-json\/wp\/v2\/comments?post=3966"}],"version-history":[{"count":1,"href":"http:\/\/gruene-lk-ks.de\/baunatal\/wp-json\/wp\/v2\/posts\/3966\/revisions"}],"predecessor-version":[{"id":3968,"href":"http:\/\/gruene-lk-ks.de\/baunatal\/wp-json\/wp\/v2\/posts\/3966\/revisions\/3968"}],"wp:featuredmedia":[{"embeddable":true,"href":"http:\/\/gruene-lk-ks.de\/baunatal\/wp-json\/wp\/v2\/media\/3967"}],"wp:attachment":[{"href":"http:\/\/gruene-lk-ks.de\/baunatal\/wp-json\/wp\/v2\/media?parent=3966"}],"wp:term":[{"taxonomy":"category","embeddable":true,"href":"http:\/\/gruene-lk-ks.de\/baunatal\/wp-json\/wp\/v2\/categories?post=3966"},{"taxonomy":"post_tag","embeddable":true,"href":"http:\/\/gruene-lk-ks.de\/baunatal\/wp-json\/wp\/v2\/tags?post=3966"}],"curies":[{"name":"wp","href":"https:\/\/api.w.org\/{rel}","templated":true}]}}