{"id":3972,"date":"2024-11-25T09:59:58","date_gmt":"2024-11-25T07:59:58","guid":{"rendered":"http:\/\/gruene-lk-ks.de\/baunatal\/?p=3972"},"modified":"2024-11-25T09:59:59","modified_gmt":"2024-11-25T07:59:59","slug":"neustartklar-auch-in-baunatal","status":"publish","type":"post","link":"http:\/\/gruene-lk-ks.de\/baunatal\/neustartklar-auch-in-baunatal\/","title":{"rendered":"NEUSTARTKLAR. auch in Baunatal"},"content":{"rendered":"\n<p>Am 20.11.2024 lud der Ortsverband Baunatal zur Mitgliederversammlung ein, es war die erste des neuen Vorstands. Besonders freuten wir uns \u00fcber den Besuch von zwei Mitgliedern des Ortsverbands der Gr\u00fcnen aus Schauenburg, welche sich mit uns intensiv \u00fcber den Bauna-Sprinter austauschten.<\/p>\n\n\n\n<p>Weitere Tagespunkte waren, die Verabschiedung der anwesenden Mitglieder des alten Vorstandes <strong>Monika Woizeschke-Br\u00fcck, Irle J\u00fcrgens, Edith Siegk, Edmund Borschel<\/strong> und<strong> Lothar Rost<\/strong> mit gro\u00dfem Dank f\u00fcr ihr tolles Engagement, Berichte der Fraktionen \u00fcber ihre aktuelle Arbeit und die politische Lage in der StaVo und dem Kreistag. Sehr informativ war auch der Vortrag von Damaris M\u00fcller \u00fcber den Regionalplan Nord-Ost-Hessen, welcher bekanntlich durch \u201eGro\u00dfenritte-Nord\u201c von gro\u00dfer Bedeutung f\u00fcr Baunatal ist. Einstimmig wurde beschlossen eine eigene Stellungnahme des OV-Vorstands beim Regierungspr\u00e4sidium einzureichen. Ein Vorgang, den jede:r B\u00fcrger:in eigenst\u00e4ndig bis zum 14.12.2024 auf der Homepage des RP vornehmen kann. Hilfestellungen bieten hier z.B. die BI Gro\u00dfenritte-Nord, mit bereits vorformulierten Antr\u00e4gen auf ihrer Homepage.<\/p>\n\n\n\n<p>Zu erw\u00e4hnen ist noch der Bericht von der 50. Bundesdeligiertenkonferenz unserer Partei in Wiesbaden. Daran durften Damaris M\u00fcller und Thomas Gudehus als Delegierte f\u00fcr die Gr\u00fcnen im Landkreis Kassel teilnehmen. In Verbindung mit der bundesweiten Eintrittswelle im November (bis dato 14.000 Neumitglieder) entstand eine sehr zuversichtliche Stimmung, sowie ein gro\u00dfes Gemeinschaftsgef\u00fchl innerhalb der Gr\u00fcnen Partei, welches uns sicherlich f\u00fcr den kommenden Winterwahlkampf sehr befl\u00fcgeln wird. Diese Stimmung sp\u00fcren auch die Mitglieder in Baunatal, so konnten wir nun schon bei der dritten Mitgliederversammlung in Folge, Neumitglieder begr\u00fc\u00dfen. Eintrittsgr\u00fcnde sind mit erdr\u00fcckender Mehrheit, etwas gegen die Bedrohungen durch die Klimakatastrophe zu unternehmen, die empfundene Hilflosigkeit gegen\u00fcber einer rechtsextremen Politisierung unserer Gesellschaft und die Wahl von Donald Trump zum US-Pr\u00e4sidenten. Hieraus erw\u00e4chst der Wunsch sich in einer demokratischen Partei zu organisieren, und in deren Gemeinschaft R\u00fcckhalt, Verst\u00e4ndnis und vor allem die M\u00f6glichkeit zu bekommen, aktiv etwas gegen diese Zust\u00e4nde zu unternehmen.<\/p>\n\n\n\n<figure class=\"wp-block-image size-large\"><a class=\"fancybox\" rel=\"gallery3972\" href=\"http:\/\/gruene-lk-ks.de\/baunatal\/files\/2024\/11\/2024-11-20-Mitgliederversammlung-im-Vereinshaus-Altenbauna-3-scaled.jpg\"><img loading=\"lazy\" width=\"800\" height=\"600\" src=\"http:\/\/gruene-lk-ks.de\/baunatal\/files\/2024\/11\/2024-11-20-Mitgliederversammlung-im-Vereinshaus-Altenbauna-3-800x600.jpg\" alt=\"\" class=\"wp-image-3974\" srcset=\"http:\/\/gruene-lk-ks.de\/baunatal\/files\/2024\/11\/2024-11-20-Mitgliederversammlung-im-Vereinshaus-Altenbauna-3-800x600.jpg 800w, http:\/\/gruene-lk-ks.de\/baunatal\/files\/2024\/11\/2024-11-20-Mitgliederversammlung-im-Vereinshaus-Altenbauna-3-400x300.jpg 400w, http:\/\/gruene-lk-ks.de\/baunatal\/files\/2024\/11\/2024-11-20-Mitgliederversammlung-im-Vereinshaus-Altenbauna-3-768x576.jpg 768w, http:\/\/gruene-lk-ks.de\/baunatal\/files\/2024\/11\/2024-11-20-Mitgliederversammlung-im-Vereinshaus-Altenbauna-3-1536x1152.jpg 1536w, http:\/\/gruene-lk-ks.de\/baunatal\/files\/2024\/11\/2024-11-20-Mitgliederversammlung-im-Vereinshaus-Altenbauna-3-2048x1536.jpg 2048w, http:\/\/gruene-lk-ks.de\/baunatal\/files\/2024\/11\/2024-11-20-Mitgliederversammlung-im-Vereinshaus-Altenbauna-3-150x113.jpg 150w\" sizes=\"(max-width: 800px) 100vw, 800px\" \/><\/a><figcaption><em>Ehrung des alten Vorstands: v.l. alter und neuer Sprecher Marcel Suttner, Lothar Rost, Edith Siegk, Edmund Borschel, Monika Woizeschke-Br\u00fcck und Irle J\u00fcrgens<\/em><\/figcaption><\/figure>\n","protected":false},"excerpt":{"rendered":"<p>Am 20.11.2024 lud der Ortsverband Baunatal zur Mitgliederversammlung ein, es war die erste des neuen Vorstands. Besonders freuten wir uns \u00fcber den Besuch von zwei Mitgliedern des Ortsverbands der Gr\u00fcnen&#8230; <\/p>\n","protected":false},"author":23,"featured_media":3973,"comment_status":"closed","ping_status":"open","sticky":false,"template":"","format":"standard","meta":{"ngg_post_thumbnail":0},"categories":[1,7113,7100],"tags":[],"_links":{"self":[{"href":"http:\/\/gruene-lk-ks.de\/baunatal\/wp-json\/wp\/v2\/posts\/3972"}],"collection":[{"href":"http:\/\/gruene-lk-ks.de\/baunatal\/wp-json\/wp\/v2\/posts"}],"about":[{"href":"http:\/\/gruene-lk-ks.de\/baunatal\/wp-json\/wp\/v2\/types\/post"}],"author":[{"embeddable":true,"href":"http:\/\/gruene-lk-ks.de\/baunatal\/wp-json\/wp\/v2\/users\/23"}],"replies":[{"embeddable":true,"href":"http:\/\/gruene-lk-ks.de\/baunatal\/wp-json\/wp\/v2\/comments?post=3972"}],"version-history":[{"count":1,"href":"http:\/\/gruene-lk-ks.de\/baunatal\/wp-json\/wp\/v2\/posts\/3972\/revisions"}],"predecessor-version":[{"id":3975,"href":"http:\/\/gruene-lk-ks.de\/baunatal\/wp-json\/wp\/v2\/posts\/3972\/revisions\/3975"}],"wp:featuredmedia":[{"embeddable":true,"href":"http:\/\/gruene-lk-ks.de\/baunatal\/wp-json\/wp\/v2\/media\/3973"}],"wp:attachment":[{"href":"http:\/\/gruene-lk-ks.de\/baunatal\/wp-json\/wp\/v2\/media?parent=3972"}],"wp:term":[{"taxonomy":"category","embeddable":true,"href":"http:\/\/gruene-lk-ks.de\/baunatal\/wp-json\/wp\/v2\/categories?post=3972"},{"taxonomy":"post_tag","embeddable":true,"href":"http:\/\/gruene-lk-ks.de\/baunatal\/wp-json\/wp\/v2\/tags?post=3972"}],"curies":[{"name":"wp","href":"https:\/\/api.w.org\/{rel}","templated":true}]}}