{"id":3982,"date":"2024-12-07T23:24:09","date_gmt":"2024-12-07T21:24:09","guid":{"rendered":"http:\/\/gruene-lk-ks.de\/baunatal\/?p=3982"},"modified":"2024-12-07T23:24:11","modified_gmt":"2024-12-07T21:24:11","slug":"bdk-mit-baunataler-beteiligung-verantwortung-fuer-unsere-zeit","status":"publish","type":"post","link":"http:\/\/gruene-lk-ks.de\/baunatal\/bdk-mit-baunataler-beteiligung-verantwortung-fuer-unsere-zeit\/","title":{"rendered":"BDK mit Baunataler Beteiligung \u2013 Verantwortung f\u00fcr unsere Zeit"},"content":{"rendered":"\n<p>Gleich zwei Baunataler Gr\u00fcne hatten die Gelegenheit, den Parteitag von B\u00fcndnis 90\/die Gr\u00fcnen als Delegierte f\u00fcr den Landkreis Kassel zu besuchen.<\/p>\n\n\n\n<p>So machten sich Damaris M\u00fcller und Thomas Gudehus von Nordhessen auf den Weg ins Rhein-Main-Gebiet nach Wiesbaden, um eine von der ersten Minute motivierte und positiv gespannte Bundesdelegiertenkonferenz mitzuerleben.<\/p>\n\n\n\n<p>Neben vielen Verabschiedungen und Neuwahlen, u.a. des Bundesvorstands, lag der Fokus des Wochenendes auf der inhaltlichen und personellen Ausrichtung mit Blick auf die anstehende Bundestagswahl. Mit dem Titel \u201eVerantwortung f\u00fcr unsere Zeit\u201c \u00fcberschrieben, wurde eine erste inhaltliche Sto\u00dfrichtung f\u00fcr die Ziele in der kommenden Legislatur festgeschrieben. Investitionen in Menschen, Wirtschaft und Infrastruktur durch u.a. einen Umbau der Regelungen zu Schuldenbremse, weiterer beschleunigter Ausbau der Energiequellen zu Erneuerbaren und entsprechende Strommarkt- und Netzentgeltreform (g\u00fcnstiger, unabh\u00e4ngig von Russland), gerechtere Verteilung der Lasten zwischen wirtschaftlich marginalisierten und prosperierenden Menschen, gleiche Selbstverwirklichungschancen f\u00fcr alle Menschen (auch solche, die neu in Deutschland sind), bezahlbare Mieten und \u00d6PNV, ein starkes Europa (auch an der Seite der Ukraine) sind nur einige Themen, mit denen wir Deutschland ein Angebot machen wollen.<\/p>\n\n\n\n<p>Ein Angebot machte am Sonntag auch Robert Habeck, n\u00e4mlich als Kanzlerkandidat der Gr\u00fcnen zu fungieren zu wollen. Durch eine eindrucksvolle Rede und Diskussionsrunde mit verschiedenen Anwesenden machte er deutlich, welche Erfolge die vergangene Regierung trotz allen Spannungen erringen konnte, welche Lehren er aus den Erfahrungen (auch Misserfolgen!) er ziehen konnte und welche Aufgaben noch zu erledigen sind. Auch verschiedene pers\u00f6nliche Erfahrungen lie\u00dfen auf die empathische und menschliche Seite Robert Habecks blicken. Gerade in Zeiten von verh\u00e4rteten Diskussionen, eskalierender Diskussionen (v.a. im Internet) und vielerlei Gr\u00fcnden zum (Ver-)Zweifeln tut uns ein Kanzler gut, der trotz Allem Mitmenschlichkeit und Hoffnung vermitteln lebt. Mit 96% der Stimmen wurde er am Ende als Kandidat gew\u00e4hlt.<\/p>\n\n\n\n<p>Zugleich konnten die Gr\u00fcnen bis zum Ende des Wochenendes 14.000 neue Mitglieder feiern. Wenn auch Du Interesse an Gr\u00fcnen Themen und auf Austausch mit Gleichgesinnten hast, lernen uns gerne kennen oder schlie\u00dfe eine Mitgliedschaft ab (F\u00f6rder- oder Parteimitgliedschaft).<\/p>\n","protected":false},"excerpt":{"rendered":"<p>Gleich zwei Baunataler Gr\u00fcne hatten die Gelegenheit, den Parteitag von B\u00fcndnis 90\/die Gr\u00fcnen als Delegierte f\u00fcr den Landkreis Kassel zu besuchen. So machten sich Damaris M\u00fcller und Thomas Gudehus von&#8230; <\/p>\n","protected":false},"author":23,"featured_media":3983,"comment_status":"closed","ping_status":"open","sticky":false,"template":"","format":"standard","meta":{"ngg_post_thumbnail":0},"categories":[1,7113,7100],"tags":[],"_links":{"self":[{"href":"http:\/\/gruene-lk-ks.de\/baunatal\/wp-json\/wp\/v2\/posts\/3982"}],"collection":[{"href":"http:\/\/gruene-lk-ks.de\/baunatal\/wp-json\/wp\/v2\/posts"}],"about":[{"href":"http:\/\/gruene-lk-ks.de\/baunatal\/wp-json\/wp\/v2\/types\/post"}],"author":[{"embeddable":true,"href":"http:\/\/gruene-lk-ks.de\/baunatal\/wp-json\/wp\/v2\/users\/23"}],"replies":[{"embeddable":true,"href":"http:\/\/gruene-lk-ks.de\/baunatal\/wp-json\/wp\/v2\/comments?post=3982"}],"version-history":[{"count":1,"href":"http:\/\/gruene-lk-ks.de\/baunatal\/wp-json\/wp\/v2\/posts\/3982\/revisions"}],"predecessor-version":[{"id":3984,"href":"http:\/\/gruene-lk-ks.de\/baunatal\/wp-json\/wp\/v2\/posts\/3982\/revisions\/3984"}],"wp:featuredmedia":[{"embeddable":true,"href":"http:\/\/gruene-lk-ks.de\/baunatal\/wp-json\/wp\/v2\/media\/3983"}],"wp:attachment":[{"href":"http:\/\/gruene-lk-ks.de\/baunatal\/wp-json\/wp\/v2\/media?parent=3982"}],"wp:term":[{"taxonomy":"category","embeddable":true,"href":"http:\/\/gruene-lk-ks.de\/baunatal\/wp-json\/wp\/v2\/categories?post=3982"},{"taxonomy":"post_tag","embeddable":true,"href":"http:\/\/gruene-lk-ks.de\/baunatal\/wp-json\/wp\/v2\/tags?post=3982"}],"curies":[{"name":"wp","href":"https:\/\/api.w.org\/{rel}","templated":true}]}}