{"id":3985,"date":"2024-12-09T14:12:40","date_gmt":"2024-12-09T12:12:40","guid":{"rendered":"http:\/\/gruene-lk-ks.de\/baunatal\/?p=3985"},"modified":"2024-12-09T14:12:58","modified_gmt":"2024-12-09T12:12:58","slug":"nikolausmarkt-stammtisch-mit-landtagsabgeordneten-sascha-meier","status":"publish","type":"post","link":"http:\/\/gruene-lk-ks.de\/baunatal\/nikolausmarkt-stammtisch-mit-landtagsabgeordneten-sascha-meier\/","title":{"rendered":"Nikolausmarkt-Stammtisch mit Landtagsabgeordneten Sascha Meier"},"content":{"rendered":"\n<p>Nun sind wir bereits im dritten Jahr mit einem Stammtisch auf dem Nikolausmarkt in Baunatal vertreten gewesen! Dies ist nun schon eine sch\u00f6ne vorweihnachtliche Tradition bei uns geworden! Als Besuch schauten beim Stammtisch der B\u00fcrgermeister Henry Richter und unser GR\u00dcNER Landtagsabgeordneter Sascha Meier vorbei.<\/p>\n\n\n\n<p>Mit unseren GR\u00dcNEN Weihnachtsm\u00fctzen setzen wir ein wichtiges Signal und Erkennungszeichen im nun vorgezogenen Winterwahlkampf, in welchem wir uns kein bisschen verstecken werden. Mutig, mit voller \u00dcberzeugung und gro\u00dfem Verantwortungsbewusstsein werden wir unsere &#8211; immer wieder und immer noch aktuellen &#8211; GR\u00dcNEN Themen bespielen und um Vertrauen und Unterst\u00fctzung werben.<\/p>\n\n\n\n<p>Bei Gl\u00fchwein, Punsch und bester Laune wurde auf den Sieg der &#8220;GREEN FLOWERS&#8221; beim diesj\u00e4hrigen Eisstockschie\u00dfen angesto\u00dfen. Auch hier nochmal ein gro\u00dfes Dankesch\u00f6n an Dirk Wuschko f\u00fcr die Organisation und Durchf\u00fchrung der Meisterschaft.<\/p>\n\n\n\n<figure class=\"wp-block-image size-large\"><a class=\"fancybox\" rel=\"gallery3985\" href=\"http:\/\/gruene-lk-ks.de\/baunatal\/files\/2024\/12\/Nikolausmarkt-Bild-2-scaled.jpg\"><img loading=\"lazy\" width=\"800\" height=\"360\" src=\"http:\/\/gruene-lk-ks.de\/baunatal\/files\/2024\/12\/Nikolausmarkt-Bild-2-800x360.jpg\" alt=\"\" class=\"wp-image-3986\" srcset=\"http:\/\/gruene-lk-ks.de\/baunatal\/files\/2024\/12\/Nikolausmarkt-Bild-2-800x360.jpg 800w, http:\/\/gruene-lk-ks.de\/baunatal\/files\/2024\/12\/Nikolausmarkt-Bild-2-400x180.jpg 400w, http:\/\/gruene-lk-ks.de\/baunatal\/files\/2024\/12\/Nikolausmarkt-Bild-2-768x346.jpg 768w, http:\/\/gruene-lk-ks.de\/baunatal\/files\/2024\/12\/Nikolausmarkt-Bild-2-1536x692.jpg 1536w, http:\/\/gruene-lk-ks.de\/baunatal\/files\/2024\/12\/Nikolausmarkt-Bild-2-2048x922.jpg 2048w, http:\/\/gruene-lk-ks.de\/baunatal\/files\/2024\/12\/Nikolausmarkt-Bild-2-150x68.jpg 150w\" sizes=\"(max-width: 800px) 100vw, 800px\" \/><\/a><\/figure>\n","protected":false},"excerpt":{"rendered":"<p>Nun sind wir bereits im dritten Jahr mit einem Stammtisch auf dem Nikolausmarkt in Baunatal vertreten gewesen! Dies ist nun schon eine sch\u00f6ne vorweihnachtliche Tradition bei uns geworden! Als Besuch&#8230; <\/p>\n","protected":false},"author":23,"featured_media":3987,"comment_status":"closed","ping_status":"open","sticky":false,"template":"","format":"standard","meta":{"ngg_post_thumbnail":0},"categories":[1,7113,7100],"tags":[],"_links":{"self":[{"href":"http:\/\/gruene-lk-ks.de\/baunatal\/wp-json\/wp\/v2\/posts\/3985"}],"collection":[{"href":"http:\/\/gruene-lk-ks.de\/baunatal\/wp-json\/wp\/v2\/posts"}],"about":[{"href":"http:\/\/gruene-lk-ks.de\/baunatal\/wp-json\/wp\/v2\/types\/post"}],"author":[{"embeddable":true,"href":"http:\/\/gruene-lk-ks.de\/baunatal\/wp-json\/wp\/v2\/users\/23"}],"replies":[{"embeddable":true,"href":"http:\/\/gruene-lk-ks.de\/baunatal\/wp-json\/wp\/v2\/comments?post=3985"}],"version-history":[{"count":2,"href":"http:\/\/gruene-lk-ks.de\/baunatal\/wp-json\/wp\/v2\/posts\/3985\/revisions"}],"predecessor-version":[{"id":3989,"href":"http:\/\/gruene-lk-ks.de\/baunatal\/wp-json\/wp\/v2\/posts\/3985\/revisions\/3989"}],"wp:featuredmedia":[{"embeddable":true,"href":"http:\/\/gruene-lk-ks.de\/baunatal\/wp-json\/wp\/v2\/media\/3987"}],"wp:attachment":[{"href":"http:\/\/gruene-lk-ks.de\/baunatal\/wp-json\/wp\/v2\/media?parent=3985"}],"wp:term":[{"taxonomy":"category","embeddable":true,"href":"http:\/\/gruene-lk-ks.de\/baunatal\/wp-json\/wp\/v2\/categories?post=3985"},{"taxonomy":"post_tag","embeddable":true,"href":"http:\/\/gruene-lk-ks.de\/baunatal\/wp-json\/wp\/v2\/tags?post=3985"}],"curies":[{"name":"wp","href":"https:\/\/api.w.org\/{rel}","templated":true}]}}