{"id":3994,"date":"2025-01-06T14:20:39","date_gmt":"2025-01-06T12:20:39","guid":{"rendered":"http:\/\/gruene-lk-ks.de\/baunatal\/?p=3994"},"modified":"2025-01-06T14:29:39","modified_gmt":"2025-01-06T12:29:39","slug":"gruene-baunatal-unterstuetzen-aktion-von-viva-vittoria","status":"publish","type":"post","link":"http:\/\/gruene-lk-ks.de\/baunatal\/gruene-baunatal-unterstuetzen-aktion-von-viva-vittoria\/","title":{"rendered":"Gr\u00fcne Baunatal unterst\u00fctzen Aktion von Viva Vittoria"},"content":{"rendered":"\n<p>Kerstin Irrlitz-J\u00fcrgens und Monika Woizeschke-Br\u00fcck, unsere beiden Delegierten des Kreisverbandes im Hessischen Landesfrauenrat von B\u00fcndnis 90\/Die Gr\u00fcnen, werben f\u00fcr eine breite Unterst\u00fctzung der Mitmachaktion von Viva Vittoria gegen &#8220;Gewalt an Frauen&#8221;!<\/p>\n\n\n\n<p>Die Aktion hat ihren Ursprung in der norditalienischen Stadt Brescia. Anl\u00e4sslich des Internationalen Tags gegen Gewalt an Frauen wurde dort im November 2015 die Piazza Vittoria mit gestrickten und geh\u00e4kelten Quadraten bedeckt. Die Initiatorinnen tragen das Projekt f\u00fcr dieses wichtige Thema seitdem in viele St\u00e4dte weiter.<\/p>\n\n\n\n<p>Wir sammeln gerne bis 10. Februar 2025 die fertiggestellten Quadrate und bringen sie zu den aktiven Frauen von Viva Vittoria in Kassel! Gleichzeitig werden wir daf\u00fcr werben, dass ein Teil der Spenden auch dem Frauenhaus im Landkreis Kassel zugutekommt!<\/p>\n\n\n\n<p>Kontakt \u00fcber: <a href=\"mailto:gruene.baunatal@gmx.de\">gruene.baunatal@gmx.de<\/a><\/p>\n\n\n\n<figure class=\"wp-block-image size-large\"><a class=\"fancybox\" rel=\"gallery3994\" href=\"http:\/\/gruene-lk-ks.de\/baunatal\/files\/2025\/01\/2025-01-05-Viva-Vittoria.jpeg\"><img loading=\"lazy\" width=\"800\" height=\"1131\" src=\"http:\/\/gruene-lk-ks.de\/baunatal\/files\/2025\/01\/2025-01-05-Viva-Vittoria-800x1131.jpeg\" alt=\"\" class=\"wp-image-4000\" srcset=\"http:\/\/gruene-lk-ks.de\/baunatal\/files\/2025\/01\/2025-01-05-Viva-Vittoria-800x1131.jpeg 800w, http:\/\/gruene-lk-ks.de\/baunatal\/files\/2025\/01\/2025-01-05-Viva-Vittoria-400x566.jpeg 400w, http:\/\/gruene-lk-ks.de\/baunatal\/files\/2025\/01\/2025-01-05-Viva-Vittoria-768x1086.jpeg 768w, http:\/\/gruene-lk-ks.de\/baunatal\/files\/2025\/01\/2025-01-05-Viva-Vittoria-1086x1536.jpeg 1086w, http:\/\/gruene-lk-ks.de\/baunatal\/files\/2025\/01\/2025-01-05-Viva-Vittoria-106x150.jpeg 106w, http:\/\/gruene-lk-ks.de\/baunatal\/files\/2025\/01\/2025-01-05-Viva-Vittoria.jpeg 1121w\" sizes=\"(max-width: 800px) 100vw, 800px\" \/><\/a><\/figure>\n","protected":false},"excerpt":{"rendered":"<p>Kerstin Irrlitz-J\u00fcrgens und Monika Woizeschke-Br\u00fcck, unsere beiden Delegierten des Kreisverbandes im Hessischen Landesfrauenrat von B\u00fcndnis 90\/Die Gr\u00fcnen, werben f\u00fcr eine breite Unterst\u00fctzung der Mitmachaktion von Viva Vittoria gegen &#8220;Gewalt an&#8230; <\/p>\n","protected":false},"author":23,"featured_media":4003,"comment_status":"closed","ping_status":"open","sticky":false,"template":"","format":"standard","meta":{"ngg_post_thumbnail":0},"categories":[1,7113,7100],"tags":[],"_links":{"self":[{"href":"http:\/\/gruene-lk-ks.de\/baunatal\/wp-json\/wp\/v2\/posts\/3994"}],"collection":[{"href":"http:\/\/gruene-lk-ks.de\/baunatal\/wp-json\/wp\/v2\/posts"}],"about":[{"href":"http:\/\/gruene-lk-ks.de\/baunatal\/wp-json\/wp\/v2\/types\/post"}],"author":[{"embeddable":true,"href":"http:\/\/gruene-lk-ks.de\/baunatal\/wp-json\/wp\/v2\/users\/23"}],"replies":[{"embeddable":true,"href":"http:\/\/gruene-lk-ks.de\/baunatal\/wp-json\/wp\/v2\/comments?post=3994"}],"version-history":[{"count":2,"href":"http:\/\/gruene-lk-ks.de\/baunatal\/wp-json\/wp\/v2\/posts\/3994\/revisions"}],"predecessor-version":[{"id":4002,"href":"http:\/\/gruene-lk-ks.de\/baunatal\/wp-json\/wp\/v2\/posts\/3994\/revisions\/4002"}],"wp:featuredmedia":[{"embeddable":true,"href":"http:\/\/gruene-lk-ks.de\/baunatal\/wp-json\/wp\/v2\/media\/4003"}],"wp:attachment":[{"href":"http:\/\/gruene-lk-ks.de\/baunatal\/wp-json\/wp\/v2\/media?parent=3994"}],"wp:term":[{"taxonomy":"category","embeddable":true,"href":"http:\/\/gruene-lk-ks.de\/baunatal\/wp-json\/wp\/v2\/categories?post=3994"},{"taxonomy":"post_tag","embeddable":true,"href":"http:\/\/gruene-lk-ks.de\/baunatal\/wp-json\/wp\/v2\/tags?post=3994"}],"curies":[{"name":"wp","href":"https:\/\/api.w.org\/{rel}","templated":true}]}}