{"id":4007,"date":"2025-01-13T13:44:26","date_gmt":"2025-01-13T11:44:26","guid":{"rendered":"http:\/\/gruene-lk-ks.de\/baunatal\/?p=4007"},"modified":"2025-01-13T13:45:23","modified_gmt":"2025-01-13T11:45:23","slug":"baunatal-ergruent","status":"publish","type":"post","link":"http:\/\/gruene-lk-ks.de\/baunatal\/baunatal-ergruent\/","title":{"rendered":"Baunatal erGR\u00dcNt"},"content":{"rendered":"\n<p>Seit dem 12. Januar d\u00fcrfen in Baunatal Wahlplakate zur kommenden Bundestagswahl angebracht werden und so zogen die Baunataler Gr\u00fcnen am vergangenen Sonntag los, um unter dem Motto \u201eBaunatal erGR\u00dcNt\u201c Plakate in den verschiedenen Stadtteilen anzubringen.<\/p>\n\n\n\n<p>Anfangs noch etwas ungewohnt bei Schnee und K\u00e4lte, tauten wir auch Dank der tiefstehenden Sonne und dem klaren Himmel schnell auf und setzen GR\u00dcNE Botschaften f\u00fcr die Zukunft in die wei\u00dfe Winterlandschaft.<\/p>\n\n\n\n<p>Zur ersten Wahlkampfveranstaltung der GR\u00dcNEN Baunatal mit unserer <strong>Direktkandidatin Ilka Deutschendorf<\/strong> laden wir alle herzlich ein:<\/p>\n\n\n\n<p><strong>Gr\u00fcne Teestunde<\/strong><\/p>\n\n\n\n<p><strong>Wann:<\/strong> 17.01.2025 ab 16.00 Uhr<\/p>\n\n\n\n<p><strong>Wo: <\/strong>An der Wasserm\u00fchle 10, Guntershausen<\/p>\n\n\n\n<figure class=\"wp-block-image size-large\"><a class=\"fancybox\" rel=\"gallery4007\" href=\"http:\/\/gruene-lk-ks.de\/baunatal\/files\/2025\/01\/sharepic-9.png\"><img loading=\"lazy\" width=\"800\" height=\"800\" src=\"http:\/\/gruene-lk-ks.de\/baunatal\/files\/2025\/01\/sharepic-9-800x800.png\" alt=\"\" class=\"wp-image-4009\" srcset=\"http:\/\/gruene-lk-ks.de\/baunatal\/files\/2025\/01\/sharepic-9-800x800.png 800w, http:\/\/gruene-lk-ks.de\/baunatal\/files\/2025\/01\/sharepic-9-400x400.png 400w, http:\/\/gruene-lk-ks.de\/baunatal\/files\/2025\/01\/sharepic-9-150x150.png 150w, http:\/\/gruene-lk-ks.de\/baunatal\/files\/2025\/01\/sharepic-9-768x768.png 768w, http:\/\/gruene-lk-ks.de\/baunatal\/files\/2025\/01\/sharepic-9.png 1080w\" sizes=\"(max-width: 800px) 100vw, 800px\" \/><\/a><\/figure>\n","protected":false},"excerpt":{"rendered":"<p>Seit dem 12. Januar d\u00fcrfen in Baunatal Wahlplakate zur kommenden Bundestagswahl angebracht werden und so zogen die Baunataler Gr\u00fcnen am vergangenen Sonntag los, um unter dem Motto \u201eBaunatal erGR\u00dcNt\u201c Plakate&#8230; <\/p>\n","protected":false},"author":23,"featured_media":4008,"comment_status":"closed","ping_status":"open","sticky":false,"template":"","format":"standard","meta":{"ngg_post_thumbnail":0},"categories":[1,7131,7113,7100],"tags":[],"_links":{"self":[{"href":"http:\/\/gruene-lk-ks.de\/baunatal\/wp-json\/wp\/v2\/posts\/4007"}],"collection":[{"href":"http:\/\/gruene-lk-ks.de\/baunatal\/wp-json\/wp\/v2\/posts"}],"about":[{"href":"http:\/\/gruene-lk-ks.de\/baunatal\/wp-json\/wp\/v2\/types\/post"}],"author":[{"embeddable":true,"href":"http:\/\/gruene-lk-ks.de\/baunatal\/wp-json\/wp\/v2\/users\/23"}],"replies":[{"embeddable":true,"href":"http:\/\/gruene-lk-ks.de\/baunatal\/wp-json\/wp\/v2\/comments?post=4007"}],"version-history":[{"count":1,"href":"http:\/\/gruene-lk-ks.de\/baunatal\/wp-json\/wp\/v2\/posts\/4007\/revisions"}],"predecessor-version":[{"id":4010,"href":"http:\/\/gruene-lk-ks.de\/baunatal\/wp-json\/wp\/v2\/posts\/4007\/revisions\/4010"}],"wp:featuredmedia":[{"embeddable":true,"href":"http:\/\/gruene-lk-ks.de\/baunatal\/wp-json\/wp\/v2\/media\/4008"}],"wp:attachment":[{"href":"http:\/\/gruene-lk-ks.de\/baunatal\/wp-json\/wp\/v2\/media?parent=4007"}],"wp:term":[{"taxonomy":"category","embeddable":true,"href":"http:\/\/gruene-lk-ks.de\/baunatal\/wp-json\/wp\/v2\/categories?post=4007"},{"taxonomy":"post_tag","embeddable":true,"href":"http:\/\/gruene-lk-ks.de\/baunatal\/wp-json\/wp\/v2\/tags?post=4007"}],"curies":[{"name":"wp","href":"https:\/\/api.w.org\/{rel}","templated":true}]}}