{"id":4012,"date":"2025-01-20T11:20:10","date_gmt":"2025-01-20T09:20:10","guid":{"rendered":"http:\/\/gruene-lk-ks.de\/baunatal\/?p=4012"},"modified":"2025-01-20T11:20:12","modified_gmt":"2025-01-20T09:20:12","slug":"annalena-baerbock-in-kassel","status":"publish","type":"post","link":"http:\/\/gruene-lk-ks.de\/baunatal\/annalena-baerbock-in-kassel\/","title":{"rendered":"Annalena Baerbock in Kassel"},"content":{"rendered":"\n<p>Am vergangenen Donnerstag f\u00fchrte die Gr\u00fcne Wahlkampftour Annalena Baerbock nach Kassel in den gro\u00dfen Saal des Kongress Palais. Organisiert wurde die Veranstaltung gemeinsam vom Stadtverband Kassel und dem Kreisverband Kassel-Land.<\/p>\n\n\n\n<p>Die Stimmung war gro\u00dfartig! Mit viel Applaus wurde Annalena von den 1.300 Besucher:innen empfangen. Sie blickte zur\u00fcck auf ihre Arbeit als Au\u00dfenministerin in den vergangenen Jahren und wendete dann den Blick in die Zukunft. Schwerpunktthemen waren dabei die Soziale Gerechtigkeit, Chancengleichheit bei Bildung und Nachhaltige Wirtschaftspolitik. Entscheidende Faktoren im Kampf gegen den Klimawandel!<\/p>\n\n\n\n<p>Hervorragend eingestimmt auf den Wahlkampf und um eine tolle Erfahrung reicher, kehrten die Gr\u00fcnen Baunatal am Abend wieder heim.<\/p>\n\n\n\n<figure class=\"wp-block-image size-large\"><a class=\"fancybox\" rel=\"gallery4012\" href=\"http:\/\/gruene-lk-ks.de\/baunatal\/files\/2025\/01\/2025-01-16-Annalena-Baerbock-im-Kongress-Palais-Kassel-9.jpeg\"><img loading=\"lazy\" width=\"800\" height=\"600\" src=\"http:\/\/gruene-lk-ks.de\/baunatal\/files\/2025\/01\/2025-01-16-Annalena-Baerbock-im-Kongress-Palais-Kassel-9-800x600.jpeg\" alt=\"\" class=\"wp-image-4014\" srcset=\"http:\/\/gruene-lk-ks.de\/baunatal\/files\/2025\/01\/2025-01-16-Annalena-Baerbock-im-Kongress-Palais-Kassel-9-800x600.jpeg 800w, http:\/\/gruene-lk-ks.de\/baunatal\/files\/2025\/01\/2025-01-16-Annalena-Baerbock-im-Kongress-Palais-Kassel-9-400x300.jpeg 400w, http:\/\/gruene-lk-ks.de\/baunatal\/files\/2025\/01\/2025-01-16-Annalena-Baerbock-im-Kongress-Palais-Kassel-9-768x576.jpeg 768w, http:\/\/gruene-lk-ks.de\/baunatal\/files\/2025\/01\/2025-01-16-Annalena-Baerbock-im-Kongress-Palais-Kassel-9-1536x1152.jpeg 1536w, http:\/\/gruene-lk-ks.de\/baunatal\/files\/2025\/01\/2025-01-16-Annalena-Baerbock-im-Kongress-Palais-Kassel-9-150x113.jpeg 150w, http:\/\/gruene-lk-ks.de\/baunatal\/files\/2025\/01\/2025-01-16-Annalena-Baerbock-im-Kongress-Palais-Kassel-9.jpeg 2048w\" sizes=\"(max-width: 800px) 100vw, 800px\" \/><\/a><figcaption><em>Gemeinsames Foto mit Annalena und den Gr\u00fcnen im Landkreis<\/em><\/figcaption><\/figure>\n","protected":false},"excerpt":{"rendered":"<p>Am vergangenen Donnerstag f\u00fchrte die Gr\u00fcne Wahlkampftour Annalena Baerbock nach Kassel in den gro\u00dfen Saal des Kongress Palais. Organisiert wurde die Veranstaltung gemeinsam vom Stadtverband Kassel und dem Kreisverband Kassel-Land&#8230;. <\/p>\n","protected":false},"author":23,"featured_media":4013,"comment_status":"closed","ping_status":"open","sticky":false,"template":"","format":"standard","meta":{"ngg_post_thumbnail":0},"categories":[1,7131,7100],"tags":[],"_links":{"self":[{"href":"http:\/\/gruene-lk-ks.de\/baunatal\/wp-json\/wp\/v2\/posts\/4012"}],"collection":[{"href":"http:\/\/gruene-lk-ks.de\/baunatal\/wp-json\/wp\/v2\/posts"}],"about":[{"href":"http:\/\/gruene-lk-ks.de\/baunatal\/wp-json\/wp\/v2\/types\/post"}],"author":[{"embeddable":true,"href":"http:\/\/gruene-lk-ks.de\/baunatal\/wp-json\/wp\/v2\/users\/23"}],"replies":[{"embeddable":true,"href":"http:\/\/gruene-lk-ks.de\/baunatal\/wp-json\/wp\/v2\/comments?post=4012"}],"version-history":[{"count":1,"href":"http:\/\/gruene-lk-ks.de\/baunatal\/wp-json\/wp\/v2\/posts\/4012\/revisions"}],"predecessor-version":[{"id":4015,"href":"http:\/\/gruene-lk-ks.de\/baunatal\/wp-json\/wp\/v2\/posts\/4012\/revisions\/4015"}],"wp:featuredmedia":[{"embeddable":true,"href":"http:\/\/gruene-lk-ks.de\/baunatal\/wp-json\/wp\/v2\/media\/4013"}],"wp:attachment":[{"href":"http:\/\/gruene-lk-ks.de\/baunatal\/wp-json\/wp\/v2\/media?parent=4012"}],"wp:term":[{"taxonomy":"category","embeddable":true,"href":"http:\/\/gruene-lk-ks.de\/baunatal\/wp-json\/wp\/v2\/categories?post=4012"},{"taxonomy":"post_tag","embeddable":true,"href":"http:\/\/gruene-lk-ks.de\/baunatal\/wp-json\/wp\/v2\/tags?post=4012"}],"curies":[{"name":"wp","href":"https:\/\/api.w.org\/{rel}","templated":true}]}}