{"id":4016,"date":"2025-01-20T11:26:48","date_gmt":"2025-01-20T09:26:48","guid":{"rendered":"http:\/\/gruene-lk-ks.de\/baunatal\/?p=4016"},"modified":"2025-01-20T11:26:53","modified_gmt":"2025-01-20T09:26:53","slug":"gruene-teestunde-mit-direktkandidatin-ilka-deutschendorf","status":"publish","type":"post","link":"http:\/\/gruene-lk-ks.de\/baunatal\/gruene-teestunde-mit-direktkandidatin-ilka-deutschendorf\/","title":{"rendered":"Gr\u00fcne Teestunde mit Direktkandidatin Ilka Deutschendorf"},"content":{"rendered":"\n<p>Im sehr gem\u00fctlichen, warmen Fachwerkh\u00e4uschen an der sch\u00f6nen Wasserm\u00fchle in Guntershausen empfingen die Gr\u00fcnen Baunatal Mitglieder und Interessierte zur ersten Wahlkampfveranstaltung. Zu Gast war unsere Direktkandidatin Ilka Deutschendorf aus Twistetal. Nach einer kurzen Vorstellung zu ihrer Person und ihren Zielen, beantwortete sie bei Tee, Kaffee und Keksen Fragen der Anwesenden. Dabei kam es zu anregenden Diskussionen und tollen Gespr\u00e4chen.<\/p>\n\n\n\n<p>Mit Ilka haben wir wirklich eine starke Direktkandidatin f\u00fcr den Bundestag! Wer sie auch gerne mal kennenlernen m\u00f6chte hat dazu bei unserem Neujahrsempfang am 31.01. und beim Stammtisch m 13.02. Gelegenheit <em>(genauere Infos folgen)<\/em>.<\/p>\n","protected":false},"excerpt":{"rendered":"<p>Im sehr gem\u00fctlichen, warmen Fachwerkh\u00e4uschen an der sch\u00f6nen Wasserm\u00fchle in Guntershausen empfingen die Gr\u00fcnen Baunatal Mitglieder und Interessierte zur ersten Wahlkampfveranstaltung. Zu Gast war unsere Direktkandidatin Ilka Deutschendorf aus Twistetal&#8230;. <\/p>\n","protected":false},"author":23,"featured_media":4017,"comment_status":"closed","ping_status":"open","sticky":false,"template":"","format":"standard","meta":{"ngg_post_thumbnail":0},"categories":[1,7131,7113,7100],"tags":[],"_links":{"self":[{"href":"http:\/\/gruene-lk-ks.de\/baunatal\/wp-json\/wp\/v2\/posts\/4016"}],"collection":[{"href":"http:\/\/gruene-lk-ks.de\/baunatal\/wp-json\/wp\/v2\/posts"}],"about":[{"href":"http:\/\/gruene-lk-ks.de\/baunatal\/wp-json\/wp\/v2\/types\/post"}],"author":[{"embeddable":true,"href":"http:\/\/gruene-lk-ks.de\/baunatal\/wp-json\/wp\/v2\/users\/23"}],"replies":[{"embeddable":true,"href":"http:\/\/gruene-lk-ks.de\/baunatal\/wp-json\/wp\/v2\/comments?post=4016"}],"version-history":[{"count":1,"href":"http:\/\/gruene-lk-ks.de\/baunatal\/wp-json\/wp\/v2\/posts\/4016\/revisions"}],"predecessor-version":[{"id":4018,"href":"http:\/\/gruene-lk-ks.de\/baunatal\/wp-json\/wp\/v2\/posts\/4016\/revisions\/4018"}],"wp:featuredmedia":[{"embeddable":true,"href":"http:\/\/gruene-lk-ks.de\/baunatal\/wp-json\/wp\/v2\/media\/4017"}],"wp:attachment":[{"href":"http:\/\/gruene-lk-ks.de\/baunatal\/wp-json\/wp\/v2\/media?parent=4016"}],"wp:term":[{"taxonomy":"category","embeddable":true,"href":"http:\/\/gruene-lk-ks.de\/baunatal\/wp-json\/wp\/v2\/categories?post=4016"},{"taxonomy":"post_tag","embeddable":true,"href":"http:\/\/gruene-lk-ks.de\/baunatal\/wp-json\/wp\/v2\/tags?post=4016"}],"curies":[{"name":"wp","href":"https:\/\/api.w.org\/{rel}","templated":true}]}}