{"id":4025,"date":"2025-01-27T20:56:01","date_gmt":"2025-01-27T18:56:01","guid":{"rendered":"http:\/\/gruene-lk-ks.de\/baunatal\/?p=4025"},"modified":"2025-01-27T20:56:35","modified_gmt":"2025-01-27T18:56:35","slug":"gemeinsam-motiviert-ins-wahl-jahr-2025-starten","status":"publish","type":"post","link":"http:\/\/gruene-lk-ks.de\/baunatal\/gemeinsam-motiviert-ins-wahl-jahr-2025-starten\/","title":{"rendered":"Gemeinsam motiviert ins (Wahl-) Jahr 2025 starten"},"content":{"rendered":"\n<p>Ein neues, spannendes Jahr hat gerade frisch gestartet und erwartet uns in bereits wenigen Wochen mit einer kurzfristigen Bundestagswahl. Mit Robert Habeck bieten B90\/die Gr\u00fcnen unserem Land einen den Menschen zugewandten Kandidaten, der bereits als Minister seine F\u00e4higkeiten unter Beweis stellen konnte. Wir in Baunatal sind auf jeden Fall begeistert und beim #teamrobert mit dabei!<\/p>\n\n\n\n<p>Der Ortsverband Baunatal l\u00e4dt ein:<\/p>\n\n\n\n<p>Am 31.1.2025 um 17Uhr in das Untergeschoss der Stadthalle<\/p>\n\n\n\n<p>zu unserem Neujahrsempfang.<\/p>\n\n\n\n<p>Der Vorstand wird einen Ausblick auf das politische Jahr in Baunatal geben und den Bogen zur Bundestagswahl schlagen.<\/p>\n\n\n\n<p>Dazu passend wird stellt Ilka Deutschendorf, Direktkandidatin f\u00fcr den Wahlkreis 166 Waldeck\/Kassel-Land, ihre Ideen f\u00fcr Deutschland und ihre Arbeit im Bundestag vor. Wer sie kennen lernen und Fragen stellen m\u00f6chte, hat dazu ausgiebig Gelegenheit (auch im pers\u00f6nlichen Gespr\u00e4ch).<\/p>\n\n\n\n<p>Ebenfalls kommen wir mit unserem B\u00fcrgermeister Henry Richter sowie unserem Landtagsabgeordneten Sascha Meier ins Gespr\u00e4ch \u00fcber Auswirkungen der Bundestagswahl auf Stadt und Land. &nbsp;<\/p>\n\n\n\n<p>Dazu wird es verschiedene kurzweilige gesellige Elemente geben und die Gelegenheit, sich kennen zu lernen und auszutauschen.<\/p>\n\n\n\n<p>F\u00fcr Getr\u00e4nke und Snacks ist gesorgt.<\/p>\n\n\n\n<p>Da wir die Veranstaltung vor Allem nutzen m\u00f6chten, um mit Ihnen, liebe Baunatalerinnen und Baunataler, ins Gespr\u00e4ch zu kommen, richtet sich unsere Einladung an alle Menschen in Baunatal, egal ob Funktionstr\u00e4ger oder Anwohner, egal ob politisch\/ehrenamtlich engagiert, W\u00e4hler:in oder (wieder neu) interessierte Person.<\/p>\n\n\n\n<p>Bringen Sie Freund:innen oder Nachbarn gerne mit.<\/p>\n\n\n\n<figure class=\"wp-block-image size-large\"><a class=\"fancybox\" rel=\"gallery4025\" href=\"http:\/\/gruene-lk-ks.de\/baunatal\/files\/2025\/01\/Einladung-Neujahrsempfang-2025-1.jpg\"><img loading=\"lazy\" width=\"800\" height=\"800\" src=\"http:\/\/gruene-lk-ks.de\/baunatal\/files\/2025\/01\/Einladung-Neujahrsempfang-2025-1-800x800.jpg\" alt=\"\" class=\"wp-image-4026\" srcset=\"http:\/\/gruene-lk-ks.de\/baunatal\/files\/2025\/01\/Einladung-Neujahrsempfang-2025-1-800x800.jpg 800w, http:\/\/gruene-lk-ks.de\/baunatal\/files\/2025\/01\/Einladung-Neujahrsempfang-2025-1-400x400.jpg 400w, http:\/\/gruene-lk-ks.de\/baunatal\/files\/2025\/01\/Einladung-Neujahrsempfang-2025-1-150x150.jpg 150w, http:\/\/gruene-lk-ks.de\/baunatal\/files\/2025\/01\/Einladung-Neujahrsempfang-2025-1-768x768.jpg 768w, http:\/\/gruene-lk-ks.de\/baunatal\/files\/2025\/01\/Einladung-Neujahrsempfang-2025-1.jpg 1080w\" sizes=\"(max-width: 800px) 100vw, 800px\" \/><\/a><\/figure>\n","protected":false},"excerpt":{"rendered":"<p>Ein neues, spannendes Jahr hat gerade frisch gestartet und erwartet uns in bereits wenigen Wochen mit einer kurzfristigen Bundestagswahl. Mit Robert Habeck bieten B90\/die Gr\u00fcnen unserem Land einen den Menschen&#8230; <\/p>\n","protected":false},"author":23,"featured_media":4026,"comment_status":"closed","ping_status":"open","sticky":false,"template":"","format":"standard","meta":{"ngg_post_thumbnail":0},"categories":[1,7113,7100],"tags":[],"_links":{"self":[{"href":"http:\/\/gruene-lk-ks.de\/baunatal\/wp-json\/wp\/v2\/posts\/4025"}],"collection":[{"href":"http:\/\/gruene-lk-ks.de\/baunatal\/wp-json\/wp\/v2\/posts"}],"about":[{"href":"http:\/\/gruene-lk-ks.de\/baunatal\/wp-json\/wp\/v2\/types\/post"}],"author":[{"embeddable":true,"href":"http:\/\/gruene-lk-ks.de\/baunatal\/wp-json\/wp\/v2\/users\/23"}],"replies":[{"embeddable":true,"href":"http:\/\/gruene-lk-ks.de\/baunatal\/wp-json\/wp\/v2\/comments?post=4025"}],"version-history":[{"count":2,"href":"http:\/\/gruene-lk-ks.de\/baunatal\/wp-json\/wp\/v2\/posts\/4025\/revisions"}],"predecessor-version":[{"id":4031,"href":"http:\/\/gruene-lk-ks.de\/baunatal\/wp-json\/wp\/v2\/posts\/4025\/revisions\/4031"}],"wp:featuredmedia":[{"embeddable":true,"href":"http:\/\/gruene-lk-ks.de\/baunatal\/wp-json\/wp\/v2\/media\/4026"}],"wp:attachment":[{"href":"http:\/\/gruene-lk-ks.de\/baunatal\/wp-json\/wp\/v2\/media?parent=4025"}],"wp:term":[{"taxonomy":"category","embeddable":true,"href":"http:\/\/gruene-lk-ks.de\/baunatal\/wp-json\/wp\/v2\/categories?post=4025"},{"taxonomy":"post_tag","embeddable":true,"href":"http:\/\/gruene-lk-ks.de\/baunatal\/wp-json\/wp\/v2\/tags?post=4025"}],"curies":[{"name":"wp","href":"https:\/\/api.w.org\/{rel}","templated":true}]}}