{"id":4028,"date":"2025-01-27T20:55:30","date_gmt":"2025-01-27T18:55:30","guid":{"rendered":"http:\/\/gruene-lk-ks.de\/baunatal\/?p=4028"},"modified":"2025-01-27T20:55:32","modified_gmt":"2025-01-27T18:55:32","slug":"gruene-eroeffnen-strassenwahlkampf-fuer-die-bundestagswahl","status":"publish","type":"post","link":"http:\/\/gruene-lk-ks.de\/baunatal\/gruene-eroeffnen-strassenwahlkampf-fuer-die-bundestagswahl\/","title":{"rendered":"GR\u00dcNE er\u00f6ffnen Stra\u00dfenwahlkampf f\u00fcr die Bundestagswahl"},"content":{"rendered":"\n<p>Bei frostigen Temperaturen er\u00f6ffneten die GR\u00dcNEN Baunatal in der Ortsmitte\nvon Gro\u00dfenritte den Stra\u00dfenwahlkampf zur bevorstehenden Bundestagswahl im\nFebruar 2025. Interessante aber auch schwierige Gespr\u00e4che begleiteten die 5\nWahlk\u00e4mpfer:innen bei der Weitergabe von Flyern. Mut machen und Aufkl\u00e4rung\n\u00fcber sogenannte &#8220;Fake News&#8221; standen oft im Vordergrund. Scheinbar einfache\nAntworten von Populisten auf dr\u00e4ngende gesellschaftliche, wirtschaftliche,\nenergiepolitische und soziale Probleme sind keine tragf\u00e4higen L\u00f6sungen. \nWir ermutigen Sie, die anstehende Bundestagswahl als Gegenmittel zu\nResignation zu sehen: Mit Ihrer Stimme haben Sie unmittelbaren Einfluss auf\ndas Leben in Deutschland. \u00dcberlegen Sie, welche Partei f\u00fcr Sie die\ngelungensten L\u00f6sungen anzubieten hat und gehen Sie w\u00e4hlen. Bei der\nEntscheidung kann z.B. der wahl-o-mat (ab dem 6.2. online) helfen. Setzen\nSie dadurch ein Zeichen gegen Demokratiefeinde, Populisten und Hassprediger.<\/p>\n","protected":false},"excerpt":{"rendered":"<p>Bei frostigen Temperaturen er\u00f6ffneten die GR\u00dcNEN Baunatal in der Ortsmitte von Gro\u00dfenritte den Stra\u00dfenwahlkampf zur bevorstehenden Bundestagswahl im Februar 2025. Interessante aber auch schwierige Gespr\u00e4che begleiteten die 5 Wahlk\u00e4mpfer:innen bei&#8230; <\/p>\n","protected":false},"author":23,"featured_media":4029,"comment_status":"closed","ping_status":"open","sticky":false,"template":"","format":"standard","meta":{"ngg_post_thumbnail":0},"categories":[1,7131,7113],"tags":[],"_links":{"self":[{"href":"http:\/\/gruene-lk-ks.de\/baunatal\/wp-json\/wp\/v2\/posts\/4028"}],"collection":[{"href":"http:\/\/gruene-lk-ks.de\/baunatal\/wp-json\/wp\/v2\/posts"}],"about":[{"href":"http:\/\/gruene-lk-ks.de\/baunatal\/wp-json\/wp\/v2\/types\/post"}],"author":[{"embeddable":true,"href":"http:\/\/gruene-lk-ks.de\/baunatal\/wp-json\/wp\/v2\/users\/23"}],"replies":[{"embeddable":true,"href":"http:\/\/gruene-lk-ks.de\/baunatal\/wp-json\/wp\/v2\/comments?post=4028"}],"version-history":[{"count":1,"href":"http:\/\/gruene-lk-ks.de\/baunatal\/wp-json\/wp\/v2\/posts\/4028\/revisions"}],"predecessor-version":[{"id":4030,"href":"http:\/\/gruene-lk-ks.de\/baunatal\/wp-json\/wp\/v2\/posts\/4028\/revisions\/4030"}],"wp:featuredmedia":[{"embeddable":true,"href":"http:\/\/gruene-lk-ks.de\/baunatal\/wp-json\/wp\/v2\/media\/4029"}],"wp:attachment":[{"href":"http:\/\/gruene-lk-ks.de\/baunatal\/wp-json\/wp\/v2\/media?parent=4028"}],"wp:term":[{"taxonomy":"category","embeddable":true,"href":"http:\/\/gruene-lk-ks.de\/baunatal\/wp-json\/wp\/v2\/categories?post=4028"},{"taxonomy":"post_tag","embeddable":true,"href":"http:\/\/gruene-lk-ks.de\/baunatal\/wp-json\/wp\/v2\/tags?post=4028"}],"curies":[{"name":"wp","href":"https:\/\/api.w.org\/{rel}","templated":true}]}}