{"id":4043,"date":"2025-02-15T11:20:43","date_gmt":"2025-02-15T09:20:43","guid":{"rendered":"http:\/\/gruene-lk-ks.de\/baunatal\/?p=4043"},"modified":"2025-02-15T11:22:01","modified_gmt":"2025-02-15T09:22:01","slug":"gruener-neujahrsempfang-in-baunatal-ein-blick-auf-themen-die-gewicht-haben","status":"publish","type":"post","link":"http:\/\/gruene-lk-ks.de\/baunatal\/gruener-neujahrsempfang-in-baunatal-ein-blick-auf-themen-die-gewicht-haben\/","title":{"rendered":"Gr\u00fcner Neujahrsempfang in Baunatal: Ein Blick auf Themen, die Gewicht haben"},"content":{"rendered":"\n<p>Verschiedene Rednerinnen und Redner gaben am 31.1. ihre Einsch\u00e4tzungen zu lokalpolitischen, landes- und bundespolitischen Herausforderungen, die von vielen interessierten G\u00e4sten verfolgt wurden.<\/p>\n\n\n\n<p><strong>Ideen f\u00fcr Baunatal<\/strong><\/p>\n\n\n\n<p>Henry Richter, B\u00fcrgermeister der Stadt Baunatal, er\u00f6ffnete die Veranstaltung mit einem hoffnungsvollen Ausblick auf die zuk\u00fcnftige Entwicklung der Stadt. Er stellte zwei Ideen vor, einen Baunataler Klimarat einzuf\u00fchren und ein klimaorientiertes Mobilit\u00e4tskonzept durchf\u00fchren zu wollen. Gleichzeitig verwies er auch auf die finanziellen Herausforderungen der Stadt, die mitgedacht werden m\u00fcssen.<\/p>\n\n\n\n<p><strong>Gr\u00fcner Erfolg in Gro\u00dfenritte-Nord<\/strong><\/p>\n\n\n\n<p>Die Fraktionsvorsitzende der Gr\u00fcnen, Franziska B\u00fcnsow, und die Sprecherin des Ortsverbands, Damaris M\u00fcller, lobten die Gr\u00fcnen Erfolge des vergangenen Jahres. Besonders hoben sie hervor, dass die Gr\u00fcnen als einzige Fraktion \u00fcber zwei Jahre hinweg standhaft gegen die geplanten Bauprojekte in Gro\u00dfenritte-Nord gek\u00e4mpft h\u00e4tten. Der anstehende Antrag kr\u00f6nt unsere Bem\u00fchungen, so B\u00fcnsow. Ein gro\u00dfes Kompliment und Dank wurde an die vielen B\u00fcrger:innen ausgesprochen, die sich in dieser Zeit engagiert und eingebracht haben, ob in der BI oder privat.<\/p>\n\n\n\n<p>Die beiden Rednerinnen richteten einen Appell an die B\u00fcrgerinnen und B\u00fcrger: Die bevorstehende Bundestagswahl sei eine Gelegenheit, die Richtung der Politik in Deutschland mitzugestalten. Dabei verurteilten sie die zunehmende Hetze und den toxischen Zynismus, der die politische Debatte pr\u00e4gt. \u201ePolitik ist nicht nur ein abstrakter Begriff \u2013 sie betrifft unser Alltagsleben und unsere Nachbarschaft. Hier, auf lokaler Ebene, k\u00f6nnen wir alle Einfluss nehmen\u201c, erkl\u00e4rte M\u00fcller.<\/p>\n\n\n\n<p><strong>Worte, die Gewicht haben<\/strong><\/p>\n\n\n\n<p>Sascha Meier, Landtagsabgeordneter der Gr\u00fcnen, nahm in seiner Rede insbesondere die Zusammenarbeit von CDU und AfD in der letzten Woche ins Visier. \u201eWas gilt eigentlich noch das Wort, wenn solche Abstimmungen stattfinden?\u201c, fragte er. Er kritisierte die einfachen L\u00f6sungen, die von Teilen der Politik vorgeschlagen w\u00fcrden, etwa das Ende der Migration als Antwort auf Gewalt. Hanau, Halle oder die Taten des NSU beweisen das Gegenteil.<\/p>\n\n\n\n<p>Der Abgeordnete wandte sich auch gegen die Bagatellthemen, die in Hessen von der CDU diskutiert w\u00fcrden, wie etwa der Blockfl\u00f6tenunterricht in Schulen, w\u00e4hrend gleichzeitig in gro\u00dfen Teilen des Landes Lehrer:innen-Stellen unbesetzt blieben. Ohne eine gr\u00fcne Regierungsbeteiligung, so Meier, komme es zu ideologiegetriebenen Debatten und politischem Stillstand.<\/p>\n\n\n\n<p><strong>Europa und Solidarit\u00e4t<\/strong><\/p>\n\n\n\n<p>Die Direktkandidatin f\u00fcr den Wahlkreis 166, Ilka Deutschendorf, schloss die Rednerreihe mit einem klaren Bekenntnis zu Europa und Solidarit\u00e4t. \u201eEuropa muss einig und stark sein. Unsere europ\u00e4ischen Nachbarn sind unsere Freunde\u201c, betonte sie. Deutschendorf ging auf die unrealistischen Vorstellungen der Union ein, die Grenzen dicht zu machen und erkl\u00e4rte, dass Deutschlands geografische Lage dies unm\u00f6glich mache. Sie hob die Bedeutung der Energiewende hervor, um von autokratischen Staaten unabh\u00e4ngig zu werden, und verwies auf die wachsende Bedeutung von Migrant:innen f\u00fcr die deutsche Wirtschaft.<\/p>\n\n\n\n<p>Abschlie\u00dfend stellte Deutschendorf fest, dass es nicht nur um Migration gehe, sondern auch um Themen wie den Schutz von Wasser, Luft und Boden \u2013 \u201edenn diese sind keine verhandelbaren G\u00fcter\u201c.<\/p>\n\n\n\n<p><strong>Ein inspirierender Ausblick<\/strong><\/p>\n\n\n\n<p>Der Neujahrsempfang der Gr\u00fcnen in Baunatal bot eine gelungene Mischung aus lokalen Erfolgen, kritischen Auseinandersetzungen mit der aktuellen politischen Lage und einem klaren Appell zu mehr Zusammenhalt und Engagement. Die Gr\u00fcnen setzen auf die Kraft der B\u00fcrgerinnen und B\u00fcrger, sich aktiv in die Gestaltung ihrer Stadt, ihres Landes und Europas einzubringen. Die Zukunft wird durch die Entscheidungen der Gegenwart bestimmt \u2013 und die Baunataler Gr\u00fcnen sind fest entschlossen, ihren Beitrag zu leisten.<\/p>\n\n\n\n<p>Der Abend wurde mit Livemusik, angeregten Gespr\u00e4chen und dem Basteln von \u201eKanzler-Era\u201c- und \u201eTeam Zuversicht\u201c-Sprucharmb\u00e4ndern beschlossen.<\/p>\n\n\n\n<figure class=\"wp-block-image size-large\"><a class=\"fancybox\" rel=\"gallery4043\" href=\"http:\/\/gruene-lk-ks.de\/baunatal\/files\/2025\/02\/image.jpeg\"><img loading=\"lazy\" width=\"800\" height=\"739\" src=\"http:\/\/gruene-lk-ks.de\/baunatal\/files\/2025\/02\/image-800x739.jpeg\" alt=\"\" class=\"wp-image-4044\" srcset=\"http:\/\/gruene-lk-ks.de\/baunatal\/files\/2025\/02\/image-800x739.jpeg 800w, http:\/\/gruene-lk-ks.de\/baunatal\/files\/2025\/02\/image-400x370.jpeg 400w, http:\/\/gruene-lk-ks.de\/baunatal\/files\/2025\/02\/image-768x710.jpeg 768w, http:\/\/gruene-lk-ks.de\/baunatal\/files\/2025\/02\/image-1536x1420.jpeg 1536w, http:\/\/gruene-lk-ks.de\/baunatal\/files\/2025\/02\/image-150x139.jpeg 150w, http:\/\/gruene-lk-ks.de\/baunatal\/files\/2025\/02\/image.jpeg 1952w\" sizes=\"(max-width: 800px) 100vw, 800px\" \/><\/a><\/figure>\n","protected":false},"excerpt":{"rendered":"<p>Verschiedene Rednerinnen und Redner gaben am 31.1. ihre Einsch\u00e4tzungen zu lokalpolitischen, landes- und bundespolitischen Herausforderungen, die von vielen interessierten G\u00e4sten verfolgt wurden. Ideen f\u00fcr Baunatal Henry Richter, B\u00fcrgermeister der Stadt&#8230; <\/p>\n","protected":false},"author":23,"featured_media":4045,"comment_status":"closed","ping_status":"open","sticky":false,"template":"","format":"standard","meta":{"ngg_post_thumbnail":0},"categories":[1,7131,7113,7100],"tags":[],"_links":{"self":[{"href":"http:\/\/gruene-lk-ks.de\/baunatal\/wp-json\/wp\/v2\/posts\/4043"}],"collection":[{"href":"http:\/\/gruene-lk-ks.de\/baunatal\/wp-json\/wp\/v2\/posts"}],"about":[{"href":"http:\/\/gruene-lk-ks.de\/baunatal\/wp-json\/wp\/v2\/types\/post"}],"author":[{"embeddable":true,"href":"http:\/\/gruene-lk-ks.de\/baunatal\/wp-json\/wp\/v2\/users\/23"}],"replies":[{"embeddable":true,"href":"http:\/\/gruene-lk-ks.de\/baunatal\/wp-json\/wp\/v2\/comments?post=4043"}],"version-history":[{"count":1,"href":"http:\/\/gruene-lk-ks.de\/baunatal\/wp-json\/wp\/v2\/posts\/4043\/revisions"}],"predecessor-version":[{"id":4046,"href":"http:\/\/gruene-lk-ks.de\/baunatal\/wp-json\/wp\/v2\/posts\/4043\/revisions\/4046"}],"wp:featuredmedia":[{"embeddable":true,"href":"http:\/\/gruene-lk-ks.de\/baunatal\/wp-json\/wp\/v2\/media\/4045"}],"wp:attachment":[{"href":"http:\/\/gruene-lk-ks.de\/baunatal\/wp-json\/wp\/v2\/media?parent=4043"}],"wp:term":[{"taxonomy":"category","embeddable":true,"href":"http:\/\/gruene-lk-ks.de\/baunatal\/wp-json\/wp\/v2\/categories?post=4043"},{"taxonomy":"post_tag","embeddable":true,"href":"http:\/\/gruene-lk-ks.de\/baunatal\/wp-json\/wp\/v2\/tags?post=4043"}],"curies":[{"name":"wp","href":"https:\/\/api.w.org\/{rel}","templated":true}]}}