{"id":4055,"date":"2025-03-24T21:13:39","date_gmt":"2025-03-24T19:13:39","guid":{"rendered":"http:\/\/gruene-lk-ks.de\/baunatal\/?p=4055"},"modified":"2025-03-24T21:13:41","modified_gmt":"2025-03-24T19:13:41","slug":"verhinderer-vs-verhinderer","status":"publish","type":"post","link":"http:\/\/gruene-lk-ks.de\/baunatal\/verhinderer-vs-verhinderer\/","title":{"rendered":"&#8220;Verhinderer vs. Verhinderer&#8221;"},"content":{"rendered":"\n<p>Wenn Konflikte die Zusammenarbeit blockieren, dann ist es zu sp\u00e4t, gemeinsam Ziele zu erreichen!<br>Diesen Eindruck erhielten die Gr\u00fcnen Vertreter:Innen in der letzten Sitzung des Bau- und Umweltausschusses vom 18.3., als es um die Pl\u00e4ne von SPD\/CDU zum sog. Bauna-Center ging. Dieses ist als Neugestaltungsoption f\u00fcr das Parkdeck neben der Stadthalle gedacht, Gespr\u00e4che mit Investoren haben die beiden Fraktionen CDU und SPD bereits gef\u00fchrt.<br>Unseren in die Runde gestellten Informationsw\u00fcnschen zum Sachstand oder konkreten Pl\u00e4nen des Investors wurde die Beantwortung verweigert.<br>Auf unsere Frage, warum nicht alle Fraktionen im Vorfeld der Planung informiert wurden, konterte die SPD: \u201cWir sind nicht verpflichtet andere Fraktionen einzubinden\u201c.<\/p>\n\n\n\n<p>Auch wir Gr\u00fcnen erkennen die Dringlichkeit, dass mit dem maroden Parkdeck etwas unternommen werden muss. Allerdings h\u00e4tten wir uns im Vorfeld eine Einbindung aller Fraktionen, des B\u00fcrgermeisters sowie die notwendige Transparenz und demokratische Mitbestimmung im Vorgehen gew\u00fcnscht. Bei zentralen Entscheidungen haben wir in Baunatal \u00fcbrigens ein bew\u00e4hrtes Prozedere in Form von \u201cInterfraktionellen Sitzungen\u201c, in die der Investor durchaus eingeladen werden kann.<\/p>\n\n\n\n<p>Stattdessen scheinen Schnellsch\u00fcsse und hektisches Handeln bei SPD \/ CDU zur Gewohnheit zu werden. \u201cWir m\u00f6chten nicht abwarten, bis potenzielle Interessenten und Investoren abspringen\u201c, so lautet deren Argumentation. Dies erinnert stark an die Situation in Gro\u00dfenritte-Nord, wo ebenfalls mit \u00e4hnlichem Druck und den gleichen Aussagen jongliert wurde.<\/p>\n\n\n\n<p>Im Bauna-Center sind wohl laut des Vorschlags von SPD\/CDU insgesamt vier Geschosse vorgesehen, von denen zwei f\u00fcr gewerbliche Nutzung und die anderen zwei f\u00fcr Wohnraum eingeplant sind. Allerdings wird dies nicht den gro\u00dfen Wurf an Wohnraum darstellen, den wir uns erhoffen.<\/p>\n\n\n\n<p>Es bestehen teils seit Jahren mehrere Planungen und Genehmigungen f\u00fcr Bauprojekte, die bisher aber noch nicht begonnen wurden.<br>Insgesamt&nbsp;sind es ca.&nbsp;300&nbsp;Wohneinheiten, die&nbsp;auf&nbsp;ihre&nbsp;Fertigstellung warten!<\/p>\n\n\n\n<p>SPD&nbsp;und&nbsp;CDU&nbsp;arbeiten lieber isoliert in&nbsp;ihrer&nbsp;Fraktionsblase,&nbsp;um&nbsp;ihr Projekt ungest\u00f6rt voranzutreiben.Sie lehnen eine Weiterf\u00fchrung des Arbeitskreises Siedlungsentwicklung und die Zusammenarbeit mit dem B\u00fcrgermeister ab.<br>Die Stadt Baunatal gef\u00e4hrdet ihre eigene Arbeit, denn die in Auftrag gegebene Studie zur Wohnraumentwicklung, geleitet von Prof. Altrock (Uni Kassel), wird beeintr\u00e4chtigt, da SPD und CDU im Alleingang und ohne \u00f6ffentliche Beteiligung das Projekt parallel zur Studie vorantreiben.<\/p>\n\n\n\n<p>Wir werden nicht lockerlassen und genau hinsehen. Wir stehen f\u00fcr eine breite Beteiligung. Deshalb weisen wir an dieser Stelle auf die Workshops zur baulichen Entwicklung der Stadt Baunatal hin.<\/p>\n\n\n\n<p>Nehmen Sie teil und diskutieren Sie mit!<\/p>\n\n\n\n<p><a href=\"https:\/\/baunatal.de\/de\/leben-in-baunatal\/bauen-wohnen\/stadtentwicklung\/raeume-zum-erleben.php\">https:\/\/baunatal.de\/de\/leben-in-baunatal\/bauen-wohnen\/stadtentwicklung\/raeume-zum-erleben.php<\/a><\/p>\n","protected":false},"excerpt":{"rendered":"<p>Wenn Konflikte die Zusammenarbeit blockieren, dann ist es zu sp\u00e4t, gemeinsam Ziele zu erreichen!Diesen Eindruck erhielten die Gr\u00fcnen Vertreter:Innen in der letzten Sitzung des Bau- und Umweltausschusses vom 18.3., als&#8230; <\/p>\n","protected":false},"author":23,"featured_media":4057,"comment_status":"closed","ping_status":"open","sticky":false,"template":"","format":"standard","meta":{"ngg_post_thumbnail":0},"categories":[1,7113,7114],"tags":[],"_links":{"self":[{"href":"http:\/\/gruene-lk-ks.de\/baunatal\/wp-json\/wp\/v2\/posts\/4055"}],"collection":[{"href":"http:\/\/gruene-lk-ks.de\/baunatal\/wp-json\/wp\/v2\/posts"}],"about":[{"href":"http:\/\/gruene-lk-ks.de\/baunatal\/wp-json\/wp\/v2\/types\/post"}],"author":[{"embeddable":true,"href":"http:\/\/gruene-lk-ks.de\/baunatal\/wp-json\/wp\/v2\/users\/23"}],"replies":[{"embeddable":true,"href":"http:\/\/gruene-lk-ks.de\/baunatal\/wp-json\/wp\/v2\/comments?post=4055"}],"version-history":[{"count":1,"href":"http:\/\/gruene-lk-ks.de\/baunatal\/wp-json\/wp\/v2\/posts\/4055\/revisions"}],"predecessor-version":[{"id":4058,"href":"http:\/\/gruene-lk-ks.de\/baunatal\/wp-json\/wp\/v2\/posts\/4055\/revisions\/4058"}],"wp:featuredmedia":[{"embeddable":true,"href":"http:\/\/gruene-lk-ks.de\/baunatal\/wp-json\/wp\/v2\/media\/4057"}],"wp:attachment":[{"href":"http:\/\/gruene-lk-ks.de\/baunatal\/wp-json\/wp\/v2\/media?parent=4055"}],"wp:term":[{"taxonomy":"category","embeddable":true,"href":"http:\/\/gruene-lk-ks.de\/baunatal\/wp-json\/wp\/v2\/categories?post=4055"},{"taxonomy":"post_tag","embeddable":true,"href":"http:\/\/gruene-lk-ks.de\/baunatal\/wp-json\/wp\/v2\/tags?post=4055"}],"curies":[{"name":"wp","href":"https:\/\/api.w.org\/{rel}","templated":true}]}}