{"id":4060,"date":"2025-04-07T16:34:43","date_gmt":"2025-04-07T14:34:43","guid":{"rendered":"http:\/\/gruene-lk-ks.de\/baunatal\/?p=4060"},"modified":"2025-04-07T16:34:45","modified_gmt":"2025-04-07T14:34:45","slug":"stammtisch-der-gruenen-in-baunatal-blick-zurueck-und-nach-vorn","status":"publish","type":"post","link":"http:\/\/gruene-lk-ks.de\/baunatal\/stammtisch-der-gruenen-in-baunatal-blick-zurueck-und-nach-vorn\/","title":{"rendered":"Stammtisch der Gr\u00fcnen in Baunatal: Blick zur\u00fcck und nach vorn"},"content":{"rendered":"\n<p>Am 2. April trafen sich die Gr\u00fcnen in Baunatal zu ihrem Stammtisch im Roxy. Im Mittelpunkt der Diskussion stand die Auswertung der Bundestagswahl und die Frage, welche Schl\u00fcsse f\u00fcr Baunatal und die kommenden Jahre auf Bundes- und Kommunalebene gezogen werden k\u00f6nnen. Ein wichtiges Thema war dabei, wie Stadtteile und Quartiere, die das Vertrauen in etablierte Parteien verloren haben, erreicht werden k\u00f6nnen. <\/p>\n\n\n\n<p>Besonders dr\u00e4ngende Aufgaben f\u00fcr Baunatal (auch mit Blick auf die Kommunalwahl) sind die W\u00e4rmeplanung, die Siedlungsver\u00e4nderung und die aktuelle Haushaltslage. Bei der W\u00e4rmeplanung besteht zwar gro\u00dfes Vertrauen in die Beratungsfirma, die das Konzept erstellt, aber die B\u00fcrgerinnen und B\u00fcrger sind sich noch unsicher, wie sie selbst in den Prozess eingebunden werden k\u00f6nnen. Welche M\u00f6glichkeiten gibt es f\u00fcr die Beteiligung an der Umsetzung von W\u00e4rmegewinnungsanlagen und -speicherung? Da die Ma\u00dfnahmen je nach Stadtteil, Quartier oder sogar Geb\u00e4ude unterschiedlich ausfallen m\u00fcssen, ist es wichtig, alle betroffenen Akteure fr\u00fchzeitig einzubeziehen. <\/p>\n\n\n\n<p>Ein weiteres Thema war die Siedlungsver\u00e4nderung. Hier gab es die klare Auffassung, dass einfache L\u00f6sungen nicht zu Lasten einer gr\u00fcndlichen Planung und sorgf\u00e4ltigen Auswahl der Angebote gew\u00e4hlt werden sollten \u2013 auch nicht unter angeblichem Zeitdruck. <\/p>\n\n\n\n<p>In Bezug auf die Haushaltslage waren sich alle einig: Baunatal wird nicht um deutliche Einschnitte herumkommen. Gleichzeitig wurde betont, dass Investitionen in die Menschen immer Vorrang vor Investitionen in Statussymbole haben sollten. Besonders intensiv wurden Ideen zur Bildungslandschaft diskutiert \u2013 immer mit dem Blick darauf, wie Dritte die Ma\u00dfnahmen quer- oder mitfinanzieren k\u00f6nnten. <\/p>\n\n\n\n<p>Die Stammtische der Gr\u00fcnen in Baunatal finden unregelm\u00e4\u00dfig in verschiedenen Stadtteilen statt. Schauen Sie doch mal vorbei! Einladungen werden rechtzeitig in der Baunataler Nachrichten (BN), auf unserer Website oder auf Instagram ver\u00f6ffentlicht.<\/p>\n","protected":false},"excerpt":{"rendered":"<p>Am 2. April trafen sich die Gr\u00fcnen in Baunatal zu ihrem Stammtisch im Roxy. Im Mittelpunkt der Diskussion stand die Auswertung der Bundestagswahl und die Frage, welche Schl\u00fcsse f\u00fcr Baunatal&#8230; <\/p>\n","protected":false},"author":23,"featured_media":4061,"comment_status":"closed","ping_status":"open","sticky":false,"template":"","format":"standard","meta":{"ngg_post_thumbnail":0},"categories":[1,7113,7100],"tags":[],"_links":{"self":[{"href":"http:\/\/gruene-lk-ks.de\/baunatal\/wp-json\/wp\/v2\/posts\/4060"}],"collection":[{"href":"http:\/\/gruene-lk-ks.de\/baunatal\/wp-json\/wp\/v2\/posts"}],"about":[{"href":"http:\/\/gruene-lk-ks.de\/baunatal\/wp-json\/wp\/v2\/types\/post"}],"author":[{"embeddable":true,"href":"http:\/\/gruene-lk-ks.de\/baunatal\/wp-json\/wp\/v2\/users\/23"}],"replies":[{"embeddable":true,"href":"http:\/\/gruene-lk-ks.de\/baunatal\/wp-json\/wp\/v2\/comments?post=4060"}],"version-history":[{"count":1,"href":"http:\/\/gruene-lk-ks.de\/baunatal\/wp-json\/wp\/v2\/posts\/4060\/revisions"}],"predecessor-version":[{"id":4062,"href":"http:\/\/gruene-lk-ks.de\/baunatal\/wp-json\/wp\/v2\/posts\/4060\/revisions\/4062"}],"wp:featuredmedia":[{"embeddable":true,"href":"http:\/\/gruene-lk-ks.de\/baunatal\/wp-json\/wp\/v2\/media\/4061"}],"wp:attachment":[{"href":"http:\/\/gruene-lk-ks.de\/baunatal\/wp-json\/wp\/v2\/media?parent=4060"}],"wp:term":[{"taxonomy":"category","embeddable":true,"href":"http:\/\/gruene-lk-ks.de\/baunatal\/wp-json\/wp\/v2\/categories?post=4060"},{"taxonomy":"post_tag","embeddable":true,"href":"http:\/\/gruene-lk-ks.de\/baunatal\/wp-json\/wp\/v2\/tags?post=4060"}],"curies":[{"name":"wp","href":"https:\/\/api.w.org\/{rel}","templated":true}]}}