{"id":4071,"date":"2025-05-03T14:25:31","date_gmt":"2025-05-03T12:25:31","guid":{"rendered":"http:\/\/gruene-lk-ks.de\/baunatal\/?p=4071"},"modified":"2025-05-03T14:25:33","modified_gmt":"2025-05-03T12:25:33","slug":"bericht-von-der-mitgliederversammlung","status":"publish","type":"post","link":"http:\/\/gruene-lk-ks.de\/baunatal\/bericht-von-der-mitgliederversammlung\/","title":{"rendered":"Bericht von der Mitgliederversammlung"},"content":{"rendered":"\n<p>Im gut gef\u00fcllten Sitzungsraum des DGH Altenritte fand am 24.4. die letzte Mitgliederversammlung der Gr\u00fcnen in Baunatal statt. Zentrale Themen waren die Baunataler Nachrichten\/\u00d6ffentlichkeitsarbeit und die im neuen Jahr anstehende Kommunalwahl.<\/p>\n\n\n\n<p>Zu Beginn der Versammlung konnte der Vorstand die sch\u00f6ne Mitteilung machen, dass einige <strong>Neumitglieder<\/strong> zu uns gesto\u00dfen sind. (Informationen zur Mitgliedschaft finden Sie unter gruene.de bei \u201eAktiv werden\u201c. Aber auch ohne Mitgliedschaft k\u00f6nnen Sie sich bei uns vollumf\u00e4nglich engagieren.)<\/p>\n\n\n\n<p>Neben anderen Themen ging es um die <strong>Zukunft der Baunataler Nachrichten<\/strong> (BN). Dabei wurden verschiedene Distributionswege (digital vs. gedruckt) diskutiert, Sparpotentiale ausgelotet und Liebgewordenes gelobt. Besonders wichtig war allen, dass die M\u00f6glichkeit der freien Berichterstattung bei gleichzeitiger Einhaltung der aktuellen Redaktionsrichtlinien gewahrt bleiben soll. Unsere \u00e4lteren Freunde und Mitglieder wiesen darauf hin, dass eine gedruckte Zeitung Teilhabe von Menschen mit wenig Kompetenz in neuen Medien weiterhin gew\u00e4hrleistet. Die j\u00fcngeren Freunde und Mitglieder verwiesen auf die begrenzte Leserschaft gedruckter Zeitschriften und auf die Wichtigkeit von Onlineangeboten f\u00fcr und von Vereinen und Verb\u00e4nden.<\/p>\n\n\n\n<p>Mit Blick auf die <strong>Kommunalwahlen<\/strong> im kommenden Fr\u00fchjahr wurden die Pl\u00e4ne zur Listenaufstellung, zum Finden des Wahlprogramms sowie zu Veranstaltungen vorgestellt. Zuerst befassen wir uns mit dem ersten Thema. Eine sogenannte Liste wird aus allen Menschen gew\u00e4hlt, die sich verbindlich vorstellen k\u00f6nnen, der Gr\u00fcnen Fraktion in der Baunataler Stadtverordnetenversammlung ab 2026 anzugeh\u00f6ren. Dabei ist uns wichtig, darauf hinzuweisen, dass wir eine <strong>offene Liste<\/strong> stellen. Das hei\u00dft, dass sich auch Nicht-Mitglieder aufstellen lassen k\u00f6nnen. Falls Sie sich \u00fcber das Engagement in der Gr\u00fcnen Stadtverordnetenfraktion informieren m\u00f6chten, kontaktieren Sie gerne <a href=\"mailto:damarismueller.gruene@gmx.de\">damarismueller.gruene@gmx.de<\/a>.<\/p>\n\n\n\n<p>Es folgten Berichte aus der StaVo-Fraktion (Haushalt, siehe letzter BN-Artikel) und der Landkreis-Fraktion (zu verschiedenen Projekten, nachzulesen auf der informativen Internetseite des Landkreis Kassel, z.B. z.Th. Klima- und Umweltschutz <a href=\"http:\/\/www.landkreiskassel.de\/klima-und-umweltschutz\/\">www.landkreiskassel.de\/klima-und-umweltschutz\/<\/a>).<\/p>\n\n\n\n<p>Zuletzt sei verwiesen auf anstehende <strong>Termine<\/strong> (genaue Informationen und Einladungen folgen):<\/p>\n\n\n\n<ul><li>Kreismitgliederversammlung am 16.05. (19Uhr, B\u00fcrgersaal Ahnatal-Weimar)<\/li><li>Stammtisch am 22.5.<\/li><li>Stadtradeln vom 25.5.-14.6. im Gr\u00fcnen Team<\/li><li>Gr\u00fcne Radtour am 1.6.<\/li><\/ul>\n","protected":false},"excerpt":{"rendered":"<p>Im gut gef\u00fcllten Sitzungsraum des DGH Altenritte fand am 24.4. die letzte Mitgliederversammlung der Gr\u00fcnen in Baunatal statt. Zentrale Themen waren die Baunataler Nachrichten\/\u00d6ffentlichkeitsarbeit und die im neuen Jahr anstehende&#8230; <\/p>\n","protected":false},"author":23,"featured_media":4072,"comment_status":"closed","ping_status":"open","sticky":false,"template":"","format":"standard","meta":{"ngg_post_thumbnail":0},"categories":[1,7113,7100],"tags":[],"_links":{"self":[{"href":"http:\/\/gruene-lk-ks.de\/baunatal\/wp-json\/wp\/v2\/posts\/4071"}],"collection":[{"href":"http:\/\/gruene-lk-ks.de\/baunatal\/wp-json\/wp\/v2\/posts"}],"about":[{"href":"http:\/\/gruene-lk-ks.de\/baunatal\/wp-json\/wp\/v2\/types\/post"}],"author":[{"embeddable":true,"href":"http:\/\/gruene-lk-ks.de\/baunatal\/wp-json\/wp\/v2\/users\/23"}],"replies":[{"embeddable":true,"href":"http:\/\/gruene-lk-ks.de\/baunatal\/wp-json\/wp\/v2\/comments?post=4071"}],"version-history":[{"count":1,"href":"http:\/\/gruene-lk-ks.de\/baunatal\/wp-json\/wp\/v2\/posts\/4071\/revisions"}],"predecessor-version":[{"id":4073,"href":"http:\/\/gruene-lk-ks.de\/baunatal\/wp-json\/wp\/v2\/posts\/4071\/revisions\/4073"}],"wp:featuredmedia":[{"embeddable":true,"href":"http:\/\/gruene-lk-ks.de\/baunatal\/wp-json\/wp\/v2\/media\/4072"}],"wp:attachment":[{"href":"http:\/\/gruene-lk-ks.de\/baunatal\/wp-json\/wp\/v2\/media?parent=4071"}],"wp:term":[{"taxonomy":"category","embeddable":true,"href":"http:\/\/gruene-lk-ks.de\/baunatal\/wp-json\/wp\/v2\/categories?post=4071"},{"taxonomy":"post_tag","embeddable":true,"href":"http:\/\/gruene-lk-ks.de\/baunatal\/wp-json\/wp\/v2\/tags?post=4071"}],"curies":[{"name":"wp","href":"https:\/\/api.w.org\/{rel}","templated":true}]}}