{"id":4075,"date":"2025-05-12T19:46:25","date_gmt":"2025-05-12T17:46:25","guid":{"rendered":"http:\/\/gruene-lk-ks.de\/baunatal\/?p=4075"},"modified":"2025-05-12T19:46:27","modified_gmt":"2025-05-12T17:46:27","slug":"einladung-zum-gruenen-stammtisch","status":"publish","type":"post","link":"http:\/\/gruene-lk-ks.de\/baunatal\/einladung-zum-gruenen-stammtisch\/","title":{"rendered":"Einladung zum Gr\u00fcnen Stammtisch"},"content":{"rendered":"\n<p>Herzliche Einladung f\u00fcr alle interessierten B\u00fcrger:innen, Freund:innen und Mitglieder:<\/p>\n\n\n\n<p>20. Stammtisch am 22.05.2025<\/p>\n\n\n\n<p>19.00 Uhr im LYRA, Gro\u00dfenritter Str. 22<\/p>\n\n\n\n<p>In Baunatal geht es nicht nur in der Stadtverordnetenversammlung oft turbulent zu! Dr\u00e4ngende Themen sind nicht mehr nur am Horizont erkennbar, sondern direkt vor uns\/unter uns zu kl\u00e4ren.<\/p>\n\n\n\n<p>Wir werben weiterhin f\u00fcr GR\u00dcNE Ans\u00e4tze und sachorientierte (!) L\u00f6sungen f\u00fcr die kommunalpolitischen Themen. Gerne diskutieren wir mit Euch dar\u00fcber.<\/p>\n\n\n\n<p>Gerne diskutieren wir mit Euch dar\u00fcber. Wir freuen uns auf interessante und spannende Gespr\u00e4che und Anregungen zu GR\u00dcNER Politik f\u00fcr die Stadt Baunatal, in der Stavo, im Kreistag, im kommenden Kommunal-Wahlkampf und selbstverst\u00e4ndlich auch im Landtag. Welche Themen sind Eure Themen?<\/p>\n\n\n\n<p>Unser Stammtisch bietet auch immer die Plattform eines pers\u00f6nlichen Kennenlernens f\u00fcr Neumitglieder im Ortsverband. Au\u00dferdem werben wir f\u00fcr einen Einstieg zur Mitarbeit in den AG&#8217;s des Ortsverbandes.<\/p>\n","protected":false},"excerpt":{"rendered":"<p>Herzliche Einladung f\u00fcr alle interessierten B\u00fcrger:innen, Freund:innen und Mitglieder: 20. Stammtisch am 22.05.2025 19.00 Uhr im LYRA, Gro\u00dfenritter Str. 22 In Baunatal geht es nicht nur in der Stadtverordnetenversammlung oft&#8230; <\/p>\n","protected":false},"author":23,"featured_media":4076,"comment_status":"closed","ping_status":"open","sticky":false,"template":"","format":"standard","meta":{"ngg_post_thumbnail":0},"categories":[1,7113,7100],"tags":[],"_links":{"self":[{"href":"http:\/\/gruene-lk-ks.de\/baunatal\/wp-json\/wp\/v2\/posts\/4075"}],"collection":[{"href":"http:\/\/gruene-lk-ks.de\/baunatal\/wp-json\/wp\/v2\/posts"}],"about":[{"href":"http:\/\/gruene-lk-ks.de\/baunatal\/wp-json\/wp\/v2\/types\/post"}],"author":[{"embeddable":true,"href":"http:\/\/gruene-lk-ks.de\/baunatal\/wp-json\/wp\/v2\/users\/23"}],"replies":[{"embeddable":true,"href":"http:\/\/gruene-lk-ks.de\/baunatal\/wp-json\/wp\/v2\/comments?post=4075"}],"version-history":[{"count":1,"href":"http:\/\/gruene-lk-ks.de\/baunatal\/wp-json\/wp\/v2\/posts\/4075\/revisions"}],"predecessor-version":[{"id":4078,"href":"http:\/\/gruene-lk-ks.de\/baunatal\/wp-json\/wp\/v2\/posts\/4075\/revisions\/4078"}],"wp:featuredmedia":[{"embeddable":true,"href":"http:\/\/gruene-lk-ks.de\/baunatal\/wp-json\/wp\/v2\/media\/4076"}],"wp:attachment":[{"href":"http:\/\/gruene-lk-ks.de\/baunatal\/wp-json\/wp\/v2\/media?parent=4075"}],"wp:term":[{"taxonomy":"category","embeddable":true,"href":"http:\/\/gruene-lk-ks.de\/baunatal\/wp-json\/wp\/v2\/categories?post=4075"},{"taxonomy":"post_tag","embeddable":true,"href":"http:\/\/gruene-lk-ks.de\/baunatal\/wp-json\/wp\/v2\/tags?post=4075"}],"curies":[{"name":"wp","href":"https:\/\/api.w.org\/{rel}","templated":true}]}}