{"id":4082,"date":"2025-05-12T19:54:16","date_gmt":"2025-05-12T17:54:16","guid":{"rendered":"http:\/\/gruene-lk-ks.de\/baunatal\/?p=4082"},"modified":"2025-05-12T19:54:18","modified_gmt":"2025-05-12T17:54:18","slug":"komm-ins-gruene-team-beim-stadtradeln","status":"publish","type":"post","link":"http:\/\/gruene-lk-ks.de\/baunatal\/komm-ins-gruene-team-beim-stadtradeln\/","title":{"rendered":"Komm ins Gr\u00fcne Team beim Stadtradeln"},"content":{"rendered":"\n<p>\u00d6lt oder wachst eure Ketten!<\/p>\n\n\n\n<p>Das <strong>Stadtradeln<\/strong> geht in eine neue Saison. Vom 25.05. bis 14.06.2025 (00 Uhr) k\u00f6nnt ihr f\u00fcr das Team der GR\u00dcNEN <strong>(\u201eGR\u00dcNE &amp; Freund:innen\u201c)<\/strong> Radkilometer sammeln. Dabei z\u00e4hlt jeder Kilometer, egal ob ihr ihn mit dem E-Bike oder mit reiner Muskelkraft zur\u00fccklegt. Es ist auch egal wo ihr die Kilometer fahrt, &nbsp;ob zur Arbeit, auf dem Rennrad in eurer Freizeit oder im Radurlaub auf Mallorca. Einzige Ausnahme sind Radrennen, die z\u00e4hlen nicht als gefahrene Kilometer.&nbsp;<\/p>\n\n\n\n<p>Wer noch keinen Account beim Stadtradeln hat, muss sich bitte noch einen anlegen, ansonsten k\u00f6nnt ihr einfach \u00fcber den Einladungslink unserem Team beitreten:&nbsp;<\/p>\n\n\n\n<p><a href=\"https:\/\/www.stadtradeln.de\/index.php?id=171&amp;L=0&amp;team_preselect=48436\">https:\/\/www.stadtradeln.de\/index.php?id=171&amp;L=0&amp;team_preselect=48436<\/a><\/p>\n\n\n\n<p>Eigentlicher Sinn des Stadtradeln ist es, f\u00fcr die TU Dresden Daten zu sammeln, welche Stra\u00dfen besonders von Radfahrenden genutzt werden, um diese zuk\u00fcnftig umzugestalten. Au\u00dferdem kann man \u00fcber die RADar-Funktion auf Sch\u00e4den und Gefahrenstellen an der vorhandenen Infrastruktur hinweisen. Sozusagen ist das Stadtradeln wie eine &#8220;Inventur&#8221; der Radinfrastruktur zu sehen. Deshalb ist es wichtig , bevor man die Fahrt beginnt, sein GPS am Handy zu aktivieren und seine Fahrt zu tracken. Dazu \u00f6ffnet ihr die App auf eurem Smartphone, und es wird automatisch euer Standort auf einer Karte angezeigt. Jetzt dr\u00fcckt ihr auf &#8220;play&#8221; und fahrt los. Ist eure Fahrt beendet, dr\u00fcckt ihr auf &#8220;Stop&#8221;. Wollt ihr sp\u00e4ter weiter fahren k\u00f6nnt ihr auch &#8220;Pause&#8221; dr\u00fccken. Ihr seht dann ziemlich genau wo ihr langgefahren seid.&nbsp;(Wer aus datenschutzgr\u00fcnden sich nicht per GPS tracken lassen m\u00f6chte, kann die km auch h\u00e4ndisch nachtragen! Nur dann kann diese Inventarisierungsfunktion leider nicht unterst\u00fctzt werden. Der Wettbewerbscharakter (f\u00fcr das Klima und gesundheitsf\u00f6rderliche Fortbewegung) aber nat\u00fcrlich trotzdem.)<\/p>\n\n\n\n<p>F\u00fcr mich pers\u00f6nlich steht allerdings der sportliche Wettstreit mit anderen Teams im Vordergrund. Wo hat man sonst die M\u00f6glichkeit zu zeigen, wer die dickeren Waden hat?<\/p>\n\n\n\n<p>Wir freuen uns auf drei sportliche und spannende Wochen, voller Teamgeist und sch\u00f6nen Erfahrungen auf dem Rad.&nbsp;<\/p>\n\n\n\n<p>Lasst den Asphalt brennen!<\/p>\n","protected":false},"excerpt":{"rendered":"<p>\u00d6lt oder wachst eure Ketten! Das Stadtradeln geht in eine neue Saison. Vom 25.05. bis 14.06.2025 (00 Uhr) k\u00f6nnt ihr f\u00fcr das Team der GR\u00dcNEN (\u201eGR\u00dcNE &amp; Freund:innen\u201c) Radkilometer sammeln&#8230;. <\/p>\n","protected":false},"author":23,"featured_media":4077,"comment_status":"closed","ping_status":"open","sticky":false,"template":"","format":"standard","meta":{"ngg_post_thumbnail":0},"categories":[1,7113,7100],"tags":[],"_links":{"self":[{"href":"http:\/\/gruene-lk-ks.de\/baunatal\/wp-json\/wp\/v2\/posts\/4082"}],"collection":[{"href":"http:\/\/gruene-lk-ks.de\/baunatal\/wp-json\/wp\/v2\/posts"}],"about":[{"href":"http:\/\/gruene-lk-ks.de\/baunatal\/wp-json\/wp\/v2\/types\/post"}],"author":[{"embeddable":true,"href":"http:\/\/gruene-lk-ks.de\/baunatal\/wp-json\/wp\/v2\/users\/23"}],"replies":[{"embeddable":true,"href":"http:\/\/gruene-lk-ks.de\/baunatal\/wp-json\/wp\/v2\/comments?post=4082"}],"version-history":[{"count":1,"href":"http:\/\/gruene-lk-ks.de\/baunatal\/wp-json\/wp\/v2\/posts\/4082\/revisions"}],"predecessor-version":[{"id":4083,"href":"http:\/\/gruene-lk-ks.de\/baunatal\/wp-json\/wp\/v2\/posts\/4082\/revisions\/4083"}],"wp:featuredmedia":[{"embeddable":true,"href":"http:\/\/gruene-lk-ks.de\/baunatal\/wp-json\/wp\/v2\/media\/4077"}],"wp:attachment":[{"href":"http:\/\/gruene-lk-ks.de\/baunatal\/wp-json\/wp\/v2\/media?parent=4082"}],"wp:term":[{"taxonomy":"category","embeddable":true,"href":"http:\/\/gruene-lk-ks.de\/baunatal\/wp-json\/wp\/v2\/categories?post=4082"},{"taxonomy":"post_tag","embeddable":true,"href":"http:\/\/gruene-lk-ks.de\/baunatal\/wp-json\/wp\/v2\/tags?post=4082"}],"curies":[{"name":"wp","href":"https:\/\/api.w.org\/{rel}","templated":true}]}}