{"id":4086,"date":"2025-05-19T10:25:21","date_gmt":"2025-05-19T08:25:21","guid":{"rendered":"http:\/\/gruene-lk-ks.de\/baunatal\/?p=4086"},"modified":"2025-05-19T10:25:23","modified_gmt":"2025-05-19T08:25:23","slug":"gesamtelternbeirat-und-gruene-fraktion-im-gespraech","status":"publish","type":"post","link":"http:\/\/gruene-lk-ks.de\/baunatal\/gesamtelternbeirat-und-gruene-fraktion-im-gespraech\/","title":{"rendered":"Gesamtelternbeirat und Gr\u00fcne Fraktion im Gespr\u00e4ch"},"content":{"rendered":"\n<p>Der Gesamtelternbeirat der st\u00e4dtischen Kindertagesst\u00e4tten war vergangene\nWoche zu Gast bei der Fraktion von B\u00fcndnis 90\/Die Gr\u00fcnen. Im Zentrum des\nGespr\u00e4chs standen aktuelle (strukturelle) Herausforderungen, Berichte von\ntatkr\u00e4ftiger Unterst\u00fctzung der Eltern und Zukunftsideen. \nTeilweise recht hohe Personalfluktuation ist ein Problem, das seit l\u00e4ngerem\nbesteht, aber nicht alle Einrichtungen gleicherma\u00dfen betrifft. In\nbetreffenden Gruppen oder Einrichtungen m\u00fcssen sich Kinder teils nach\nwenigen Monaten bereits wieder an neue Bezugspersonen gew\u00f6hnen. \nEbenfalls problematisiert wurde die Zuordnung von Kindern innerhalb der drei\nLernorte Zuhause, Kita und Schule. Wenn Kinder eine Kita besuchen, die nicht\nim Einzugsgebiet ihrer Grundschule liegt, muss zum Schul\u00fcbergang ein ganz\nneuer Freundeskreis aufgebaut werden. Logistisch ist ebenfalls\nherausfordernd, wenn Eltern ohne eigenes Auto Kinder in verschiedene\nEinrichtungen bringen m\u00fcssen oder in weiter entfernte Stadtteile bringen\nm\u00fcssen. Es wurde von F\u00e4llen berichtet, in denen Eltern einen Kitaplatz nicht\nannehmen konnten, da er nicht erreicht werden konnte. \nDie verschiedenen Einrichtungen haben unterschiedliche ganz eigene L\u00f6sungen\ngefunden, wie musikalische, sportliche, k\u00fcnstlerische und sprachf\u00f6rdernde\nAngebote in den Alltag integriert werden k\u00f6nnen. Bez\u00fcglich der Zubereitung\ndes Mittagessens betonten die anwesenden Vertreterinnen des Elternbeirats,\ndass die p\u00e4dagogische Funktion des gemeinsamen Zubereitens des Mittagessens\n(oder Zusehens) unbedingt erhalten bleiben solle. Wie dies angesichts der\nHaushaltslage umgesetzt werden k\u00f6nnte, wurde angeregt diskutiert. \nWir danken dem Gesamtelternbeirat f\u00fcr ihren gro\u00dfartigen ehrenamtlichen\nEinsatz und das Gespr\u00e4ch! Ebenfalls w\u00fcnschen wir, dass sich viele Gespr\u00e4che\nmit Eltern, Fachkr\u00e4ften und anderen Beteiligten ergeben, die unsere Kitas\nnoch besser machen.<\/p>\n","protected":false},"excerpt":{"rendered":"<p>Der Gesamtelternbeirat der st\u00e4dtischen Kindertagesst\u00e4tten war vergangene Woche zu Gast bei der Fraktion von B\u00fcndnis 90\/Die Gr\u00fcnen. Im Zentrum des Gespr\u00e4chs standen aktuelle (strukturelle) Herausforderungen, Berichte von tatkr\u00e4ftiger Unterst\u00fctzung der&#8230; <\/p>\n","protected":false},"author":23,"featured_media":4087,"comment_status":"closed","ping_status":"open","sticky":false,"template":"","format":"standard","meta":{"ngg_post_thumbnail":0},"categories":[1,7114],"tags":[],"_links":{"self":[{"href":"http:\/\/gruene-lk-ks.de\/baunatal\/wp-json\/wp\/v2\/posts\/4086"}],"collection":[{"href":"http:\/\/gruene-lk-ks.de\/baunatal\/wp-json\/wp\/v2\/posts"}],"about":[{"href":"http:\/\/gruene-lk-ks.de\/baunatal\/wp-json\/wp\/v2\/types\/post"}],"author":[{"embeddable":true,"href":"http:\/\/gruene-lk-ks.de\/baunatal\/wp-json\/wp\/v2\/users\/23"}],"replies":[{"embeddable":true,"href":"http:\/\/gruene-lk-ks.de\/baunatal\/wp-json\/wp\/v2\/comments?post=4086"}],"version-history":[{"count":1,"href":"http:\/\/gruene-lk-ks.de\/baunatal\/wp-json\/wp\/v2\/posts\/4086\/revisions"}],"predecessor-version":[{"id":4088,"href":"http:\/\/gruene-lk-ks.de\/baunatal\/wp-json\/wp\/v2\/posts\/4086\/revisions\/4088"}],"wp:featuredmedia":[{"embeddable":true,"href":"http:\/\/gruene-lk-ks.de\/baunatal\/wp-json\/wp\/v2\/media\/4087"}],"wp:attachment":[{"href":"http:\/\/gruene-lk-ks.de\/baunatal\/wp-json\/wp\/v2\/media?parent=4086"}],"wp:term":[{"taxonomy":"category","embeddable":true,"href":"http:\/\/gruene-lk-ks.de\/baunatal\/wp-json\/wp\/v2\/categories?post=4086"},{"taxonomy":"post_tag","embeddable":true,"href":"http:\/\/gruene-lk-ks.de\/baunatal\/wp-json\/wp\/v2\/tags?post=4086"}],"curies":[{"name":"wp","href":"https:\/\/api.w.org\/{rel}","templated":true}]}}