{"id":4092,"date":"2025-05-19T10:31:38","date_gmt":"2025-05-19T08:31:38","guid":{"rendered":"http:\/\/gruene-lk-ks.de\/baunatal\/?p=4092"},"modified":"2025-05-19T10:31:40","modified_gmt":"2025-05-19T08:31:40","slug":"bericht-von-der-kreismitgliederversammlung-am-16-05-2025","status":"publish","type":"post","link":"http:\/\/gruene-lk-ks.de\/baunatal\/bericht-von-der-kreismitgliederversammlung-am-16-05-2025\/","title":{"rendered":"Bericht von der Kreismitgliederversammlung am 16.05.2025"},"content":{"rendered":"\n<p>Der Einladung zur Kreismitgliederversammlung der GR\u00dcNEN im Landkreis Kassel am 16. Mai in Ahnatal-Weimar folgten nicht nur altbekannte Mitglieder, sondern erfreulicherweise auch neue und junge Gesichter.  Auf der KMV ging es zuerst darum, dem Kreisverband eine neue, aktualisierte und auch modernisierte Satzung und Finanzordnung zu geben. Die Vorschl\u00e4ge des Kreisverstandes hierzu wurden einstimmig angenommen.  Im Anschluss folgten interessante Berichte unserer Vertreter im Bundestag, Boris Mijatovic, und im Landtag, Sascha Meier, die davon berichteten, dass beide GR\u00dcNEN-Fraktionen in der Oppositionsrolle gut angekommen sind. Beide zeigten sich engagiert und k\u00e4mpferisch, mit allen demokratischen Mitteln den schwarz-roten Regierungen in Bund und Land, Paroli zu bieten und gezielt, die wichtigen Themen wie die Fortf\u00fchrung der Energiewende, des Klima- und Naturschutzes, die Notwendigkeit der Finanzierung von Bildung, Erziehung und Sanierung von Infrastruktur zu unterstreichen &#8211; und hierf\u00fcr die finanziellen Mittel bis in die Kreis-Gemeinden einzufordern. Thomas Gudehus aus Baunatal, Fraktionsvorsitzender der GR\u00dcNEN im Kreistag, res\u00fcmierte, dass die Zusammenarbeit mit der SPD im Kreistag gut und st\u00f6rungsarm funktioniere und er damit rechne, dass diese Koalition bis zum Ende der Legislaturperiode erfolgreich fortgef\u00fchrt wird.  Einen guten Aufschlag lieferte dann der Kreisverbandsvorstand mit der Vorbereitung und Vorstellung eines Konzeptes zur Wahlkampfgestaltung. So wurden von den Sprecher:innen Juri St\u00f6lzner die Terminierung\/Abstimmung der einzelnen Wahlkampfpunkte und von Katja Seizinger, die Wahlkampfthemen-Cluster vorgestellt, welche sich in ihrer Aufteilung an den UN-Nachhaltigkeitszielen orientieren. In den n\u00e4chsten Wochen werden Unterst\u00fctzer:innen zur inhaltlichen \u201eBef\u00fcllung\u201c der f\u00fcnf Cluster gesucht. Au\u00dferdem m\u00f6chten wir NGOs\/Stakeholder im Kreis Kassel mit in den Prozess einbeziehen und sammeln \u00fcber den KV schnellstm\u00f6glich Kontakte zu m\u00f6glichen Interessengruppen. <\/p>\n\n\n\n<p>Kontakt: Michel Scherbaum, Mail: <a href=\"mailto:info@gruene-landkreis-kassel.de\">info@gruene-landkreis-kassel.de<\/a><\/p>\n","protected":false},"excerpt":{"rendered":"<p>Der Einladung zur Kreismitgliederversammlung der GR\u00dcNEN im Landkreis Kassel am 16. Mai in Ahnatal-Weimar folgten nicht nur altbekannte Mitglieder, sondern erfreulicherweise auch neue und junge Gesichter. Auf der KMV ging&#8230; <\/p>\n","protected":false},"author":23,"featured_media":4093,"comment_status":"closed","ping_status":"open","sticky":false,"template":"","format":"standard","meta":{"ngg_post_thumbnail":0},"categories":[1,7113,7100],"tags":[],"_links":{"self":[{"href":"http:\/\/gruene-lk-ks.de\/baunatal\/wp-json\/wp\/v2\/posts\/4092"}],"collection":[{"href":"http:\/\/gruene-lk-ks.de\/baunatal\/wp-json\/wp\/v2\/posts"}],"about":[{"href":"http:\/\/gruene-lk-ks.de\/baunatal\/wp-json\/wp\/v2\/types\/post"}],"author":[{"embeddable":true,"href":"http:\/\/gruene-lk-ks.de\/baunatal\/wp-json\/wp\/v2\/users\/23"}],"replies":[{"embeddable":true,"href":"http:\/\/gruene-lk-ks.de\/baunatal\/wp-json\/wp\/v2\/comments?post=4092"}],"version-history":[{"count":1,"href":"http:\/\/gruene-lk-ks.de\/baunatal\/wp-json\/wp\/v2\/posts\/4092\/revisions"}],"predecessor-version":[{"id":4094,"href":"http:\/\/gruene-lk-ks.de\/baunatal\/wp-json\/wp\/v2\/posts\/4092\/revisions\/4094"}],"wp:featuredmedia":[{"embeddable":true,"href":"http:\/\/gruene-lk-ks.de\/baunatal\/wp-json\/wp\/v2\/media\/4093"}],"wp:attachment":[{"href":"http:\/\/gruene-lk-ks.de\/baunatal\/wp-json\/wp\/v2\/media?parent=4092"}],"wp:term":[{"taxonomy":"category","embeddable":true,"href":"http:\/\/gruene-lk-ks.de\/baunatal\/wp-json\/wp\/v2\/categories?post=4092"},{"taxonomy":"post_tag","embeddable":true,"href":"http:\/\/gruene-lk-ks.de\/baunatal\/wp-json\/wp\/v2\/tags?post=4092"}],"curies":[{"name":"wp","href":"https:\/\/api.w.org\/{rel}","templated":true}]}}