{"id":4121,"date":"2025-06-25T22:40:20","date_gmt":"2025-06-25T20:40:20","guid":{"rendered":"http:\/\/gruene-lk-ks.de\/baunatal\/?p=4121"},"modified":"2025-06-25T22:41:57","modified_gmt":"2025-06-25T20:41:57","slug":"nordhessischer-verkehrsverbund-aus-fuer-den-bauna-sprinter-von-kassel-wilhelmshoehe-nach-baunatal-grossenritte-und-schauenburg-elgershausen","status":"publish","type":"post","link":"http:\/\/gruene-lk-ks.de\/baunatal\/nordhessischer-verkehrsverbund-aus-fuer-den-bauna-sprinter-von-kassel-wilhelmshoehe-nach-baunatal-grossenritte-und-schauenburg-elgershausen\/","title":{"rendered":"Nordhessischer Verkehrsverbund: Aus f\u00fcr den Bauna-Sprinter von Kassel-Wilhelmsh\u00f6he nach Baunatal-Gro\u00dfenritte und Schauenburg-Elgershausen"},"content":{"rendered":"\n<p>Unser Freund und Mitstreiter rund um alle Bem\u00fchungen f\u00fcr den \u201eBauna-Sprinter\u201c, Klaus-Peter Lorenz, hat zum Aus f\u00fcr den Baunasprinter eine Zusammenfassung \u00fcber die Geschichte des Einsatzes f\u00fcr den \u00d6PNV in unserer Region und den Baunasprinter verfasst. Wir d\u00fcrfen den Text auf unserer Internetseite ver\u00f6ffentlichen.<\/p>\n\n\n\n<p>Der HNA-Artikel zur Entscheidung des NVV und der Stadt findet sich hier: <a href=\"https:\/\/www.hna.de\/lokales\/kreis-kassel\/baunatal-ort312516\/nvv-erteilt-bauna-sprinter-absage-93732241.html\">https:\/\/www.hna.de\/lokales\/kreis-kassel\/baunatal-ort312516\/nvv-erteilt-bauna-sprinter-absage-93732241.html<\/a><\/p>\n\n\n\n<p>Klaus-Peter Lorenz schreibt:<\/p>\n\n\n\n<p>Als wir 1995 in Kassel den NVV ins Leben riefen, war das eine \u201eTrasse\u201c f\u00fcr den Neuaufbau des Schienenverkehrs in der Region:<\/p>\n\n\n\n<p>Ein Verkehrsverbund, der den Kommunen und den B\u00fcrgern eigene Gestaltungsm\u00f6glichkeiten versprach, eine Gr\u00fcndung, die die nordhessische Einwohnerschaft zur Mitgestaltung einlud:<\/p>\n\n\n\n<p>Die Zierenberg- Wolfhager-Bahn wurde wieder bis Korbach verl\u00e4ngert, das regionale G\u00fcterverkehrszentrum eingerichtet, die Regiotram aufs Gleis gesetzt und mit dem Dahinsiechen des Fernverkehrs wurden jenseits der Nord-S\u00fcd-Verbindung neue Regionalverkehre nach Westfalen, Osthessen und ins Th\u00fcringische etabliert.<\/p>\n\n\n\n<p>Im Politischen war f\u00fcr eine Regionalpolitik damit angelegt, dass Verkehrsdefizite und Zukunftsw\u00fcnsche aus der Zivilgesellschaft und in den demokratischen Gremien zur Umsetzung \u201ebef\u00f6rdert\u201c werden konnten.<\/p>\n\n\n\n<p>F\u00fcr den verkehrs- und umweltpolitisch Engagierten bedeutete das:<\/p>\n\n\n\n<p>Du erkennst ein Anliegen, das nimmst Du als gew\u00e4hlter Vertreter an, es wird:<\/p>\n\n\n\n<p>Dein Projekt: In den Parlamenten und in der \u00d6ffentlichkeitsarbeit.<\/p>\n\n\n\n<p>Das Projekt \u201eBauna-Sprinter\u201c, f\u00fcr eine schnelle und bequeme Anbindung Baunatals als gr\u00f6\u00dfter Stadt im Landkreis an den Fernbahnhof Wilhelmsh\u00f6he, verband eben beides:<\/p>\n\n\n\n<p>Antr\u00e4ge in der Stadtverordnetenversammlung und im Kreistag zur Reaktivierung des Eisenbahnverkehrs erfolgten einm\u00fctig, als ein Auftrag an den regionalen Regiebetrieb NVV.<\/p>\n\n\n\n<p>Begleitend dazu entwickelten nicht nur sozialdemokratische und gr\u00fcne Aktivisten ihr Programm:<\/p>\n\n\n\n<p>IG \u201eMit der Bahn ins Baunatal!\u201c und \u201eAG \u00d6PNV der Gr\u00fcnen in Baunatal\u201c arbeiteten eng zusammen. Sie sammelten leidenschaftlich die Zukunftschancen am Schienenweg ins Baunatal: Die neuen Batterietriebwagen der Landesbahn, fl\u00fcsterleise. Die Erschlie\u00dfung neuer Baugebiete im mittleren Baunatal. Die kommenden neuen Stellwerke und die Zwischen-Signale in Wilhelmsh\u00f6he mit der Verdopplung der Halt-Kapazit\u00e4ten. Der Neubau der Kohlenstra\u00dfenbr\u00fccke mit der Chance zur Wieder\u00f6ffnung zum Gleis 1 auf der Westseite des ICE-Bahnhofs.<\/p>\n\n\n\n<p>Gemeinsam wurde eine intensive lokale und \u00fcberregionale Berichterstattung \u00fcber die Defizite des vorhandenen Stra\u00dfenbahn-Angebotes und die Chancen des Eisenbahn-Bauna-Sprinters gepflegt.<\/p>\n\n\n\n<p>Der wichtige Bezug zu den Nachbarkommunen Schauenburg und Kassel wurde mit Veranstaltungen in Kassel-Nordshausen und Schauenburg-Elgershausen angelegt. Ein Austausch mit Gremien und Parteien vor Ort war fruchtbar. Furchtbar waren die Schreckgespinste von dreistelligen Millionenbetr\u00e4gen zu Lasten der Kommunen, die immer wieder links und rechts des Schienenstranges auftauchten \u2013 wer auch immer die F\u00e4den gezogen haben mag\u2026<\/p>\n\n\n\n<p>Der eigene Blog bot Fakten und Daten f\u00fcr die \u00d6ffentlichkeit an und war ein Mutmacher f\u00fcr Viele, die mit den Aktiven auf den besseren Zug ins Baunatal hofften. Angefangen beim Baunataler B\u00fcrgermeister Pioch, der zu Zeiten des Aufbaues der Innenstadt Baunatal wegweisend den Zug nach Wilhelmsh\u00f6he wollte.<\/p>\n\n\n\n<p>Themenveranstaltungen wie zur Finanzierung durch Regionalisierungsmittel des Bundes waren in Vorbereitung, weitere Vortragseinladungen in Baunatal und Kassel erreichten uns. Der letzte Artikel \u00fcber den Vision\u00e4r Karl Engelbrecht, der vor Jahrzehnten f\u00fcr Schauenburg eine Bahn nach Kassel projektierte, bleibt jetzt unver\u00f6ffentlicht.<\/p>\n\n\n\n<p>Unsere Sonderfahrten mit dem Bauna-Sprinter mit \u00fcber 300 G\u00e4sten waren dann ein politisches Glanzst\u00fcck. Nicht Eitelkeit sucht diesen Begriff, sondern der Umstand, dass den Mitb\u00fcrgern einfach mal gezeigt wurde: Es geht, der Sprinter kann fahren und wir k\u00f6nnen den Zug auch \u201evon unten\u201c, aus der Mitte der Einwohnerschaft in Gang setzen. Das war im besten Sinne eine soziale und politische \u201eErfahrung\u201c, die sich auch langgediente Kommunalpolitiker nur selten g\u00f6nnen\u2026<\/p>\n\n\n\n<p>Von unseren Kritikern haben wir: Immer wieder dazugelernt.<\/p>\n\n\n\n<p>Nun haben wir, also auch die Initianden aus Stadtverordnetenversammlung und Kreistag, das Ergebnis der Vor-Untersuchung des NVV aus den Medien erfahren, das Aus f\u00fcr einen besseren Schienenverkehr in Kassels S\u00fcden und im Baunatal.<\/p>\n\n\n\n<p>Der \u201eeinschl\u00e4gige\u201c Ausschuss des Kreistages f\u00fcr \u201eVerkehrswesen\u201c hat dazu am 29. April 2025 keinen Bericht vorgelegt bekommen.<\/p>\n\n\n\n<p>Und warum sollte es der Arbeits- und der Interessengemeinschaft im Baunatal anders ergehen, als Interessierten im Lossetal, wo das Aus f\u00fcr die Stra\u00dfenbahn auch in Abwesenheit des Verkehrsverbundes verk\u00fcndet wurde?<\/p>\n\n\n\n<p><em>&#8220;Ja, bl\u00f6d und frustrierend, aber das scheint das eingel\u00e4utete Ende unseres Projektes Bauna-Sprinter zu sein. Ich h\u00e4tte mir selbstverst\u00e4ndlich lieber eine &#8211; positive &#8211; Entscheidung auf politischer Ebene gew\u00fcnscht. Doch diese d\u00fcrfte nun durch die \u00c4u\u00dferungen des NVV-Gesch\u00e4ftsf\u00fchrers zur Finanzierbarkeit obsolet geworden sein. Es ist sehr schade, dass die Idee einer individualverkehrs- und somit umweltpolitischen Alternative eines Regionalbahnanschlusses von Schauenburg\/Gro\u00dfenritte nach Kassel-Wilhelmsh\u00f6he so gekappt wird.&#8221;<\/em><\/p>\n\n\n\n<p><em>Kerstin Irrlitz-J\u00fcrgens, AG \u00d6PNV des OV B\u00fcndnis 90\/Die Gr\u00fcnen Baunatal&nbsp;<\/em><\/p>\n\n\n\n<p>Dem halte ich auch mein anderes politisches Grundverst\u00e4ndnis entgegen, von demokratisch gef\u00fchrten und kontrollierten Institutionen und vom Respekt vor der Zivilgesellschaft. Das Eigenleben von Institutionen f\u00fcr Schienen wie f\u00fcr Stra\u00dfen wird politisches Vertrauen und Zutrauen in \u201eunsere\u201c Mitgestaltung der Gesellschaft weiter aush\u00f6hlen.<\/p>\n\n\n\n<p>Es war eben seinerzeit nicht nur eine Stilfrage, dass Niemand vom Verkehrsverbund an den Bauna-Sprinter-Fahrten teilgenommen hatte.<\/p>\n\n\n\n<p>Wer seinem Verst\u00e4ndnis vom Auftrag der gew\u00e4hlten Vertreter treu bleibt, der darf Soll und Haben gegeneinander stellen. Den Einfluss auf die Gremien lassen wir uns nicht nehmen und nicht die Chuzpe, Defizite und Chancen des \u00d6PNV zu benennen und das Bessere als Feind des Guten einzufordern!<\/p>\n\n\n\n<p>Oder auch: Ein Fahrgastbeirat f\u00fcr Nordhessen fehlt immer noch, in der Gr\u00fcndungsurkunde des NVV 1994 versprochen, vom Kreistag zugesagt im 20. Jahrhundert.<\/p>\n\n\n\n<p>Andere haben es besser: Von den 18 gro\u00dfen verkehrspolitischen Projekten in Hessen sind 16 s\u00fcdlich der Wasserscheide Rhein-Weser angesiedelt und werden ca. 12 Milliarden Euro kosten!<\/p>\n\n\n\n<p>Andere haben es besser, weil die anderen bessere \u201eK\u00fcmmerer\u201c haben?<\/p>\n\n\n\n<p>Landrat Dr. Udo Schlitzberger, auf den die gro\u00dfen Innovationen im SPNV in Nordhessen zur\u00fcckgehen, hat dazu einmal res\u00fcmiert: \u201eLeicht? Leicht war gar nichts\u201c.<\/p>\n\n\n\n<p>Aber es war eine erfolgreiche Regionalpolitik, sie hat motiviert und Freude gemacht!<\/p>\n\n\n\n<p>\u00d6ffentlicher Verkehr ist ein volkswirtschaftlicher Gewinn, tr\u00e4gt zur St\u00e4rkung der Region bei und er ist ein wesentlicher Baustein f\u00fcr den Schutz der nat\u00fcrlichen Lebensgrundlagen: \u00d6konomie und \u00d6kologie.<\/p>\n\n\n\n<p>Dr. Klaus-Peter Lorenz, Baunatal-Guntershausen<\/p>\n\n\n\n<p>17. Mai 2025<\/p>\n","protected":false},"excerpt":{"rendered":"<p>Unser Freund und Mitstreiter rund um alle Bem\u00fchungen f\u00fcr den \u201eBauna-Sprinter\u201c, Klaus-Peter Lorenz, hat zum Aus f\u00fcr den Baunasprinter eine Zusammenfassung \u00fcber die Geschichte des Einsatzes f\u00fcr den \u00d6PNV in&#8230; <\/p>\n","protected":false},"author":23,"featured_media":4122,"comment_status":"closed","ping_status":"open","sticky":false,"template":"","format":"standard","meta":{"ngg_post_thumbnail":0},"categories":[1,7100],"tags":[],"_links":{"self":[{"href":"http:\/\/gruene-lk-ks.de\/baunatal\/wp-json\/wp\/v2\/posts\/4121"}],"collection":[{"href":"http:\/\/gruene-lk-ks.de\/baunatal\/wp-json\/wp\/v2\/posts"}],"about":[{"href":"http:\/\/gruene-lk-ks.de\/baunatal\/wp-json\/wp\/v2\/types\/post"}],"author":[{"embeddable":true,"href":"http:\/\/gruene-lk-ks.de\/baunatal\/wp-json\/wp\/v2\/users\/23"}],"replies":[{"embeddable":true,"href":"http:\/\/gruene-lk-ks.de\/baunatal\/wp-json\/wp\/v2\/comments?post=4121"}],"version-history":[{"count":1,"href":"http:\/\/gruene-lk-ks.de\/baunatal\/wp-json\/wp\/v2\/posts\/4121\/revisions"}],"predecessor-version":[{"id":4125,"href":"http:\/\/gruene-lk-ks.de\/baunatal\/wp-json\/wp\/v2\/posts\/4121\/revisions\/4125"}],"wp:featuredmedia":[{"embeddable":true,"href":"http:\/\/gruene-lk-ks.de\/baunatal\/wp-json\/wp\/v2\/media\/4122"}],"wp:attachment":[{"href":"http:\/\/gruene-lk-ks.de\/baunatal\/wp-json\/wp\/v2\/media?parent=4121"}],"wp:term":[{"taxonomy":"category","embeddable":true,"href":"http:\/\/gruene-lk-ks.de\/baunatal\/wp-json\/wp\/v2\/categories?post=4121"},{"taxonomy":"post_tag","embeddable":true,"href":"http:\/\/gruene-lk-ks.de\/baunatal\/wp-json\/wp\/v2\/tags?post=4121"}],"curies":[{"name":"wp","href":"https:\/\/api.w.org\/{rel}","templated":true}]}}