{"id":4130,"date":"2025-07-02T12:55:59","date_gmt":"2025-07-02T10:55:59","guid":{"rendered":"http:\/\/gruene-lk-ks.de\/baunatal\/?p=4130"},"modified":"2025-07-02T12:56:01","modified_gmt":"2025-07-02T10:56:01","slug":"einladung-zur-mitgliederversammlung","status":"publish","type":"post","link":"http:\/\/gruene-lk-ks.de\/baunatal\/einladung-zur-mitgliederversammlung\/","title":{"rendered":"Einladung zur Mitgliederversammlung"},"content":{"rendered":"\n<p>Liebe Mitglieder und Freund:innen,<\/p>\n\n\n\n<p>wir laden euch herzlich zur kommenden Mitgliederversammlung ein. <\/p>\n\n\n\n<p>Am Mittwoch den 16.07.2025 um 18:30 Uhr.<br>Im Dorfgemeinschaftshaus Altenritte (Ritter Stra\u00dfe 1)<br><a href=\"https:\/\/www.baunatal.de\/de\/rathaus\/ihre-stadt\/gemeinschaftshaeuser\/gemeinschaftshaus-altenritte.php\">https:\/\/www.baunatal.de\/de\/rathaus\/ihre-stadt\/gemeinschaftshaeuser\/gemeinschaftshaus-altenritte.php<\/a><br>Wir sind diesmal im Saal.<\/p>\n\n\n\n<p>Tagesordnung:<\/p>\n\n\n\n<p>1. Begr\u00fc\u00dfung und Formalia<br>2. Gespr\u00e4ch und Fragerunde mit B\u00fcrgermeister Henry Richter<br>3. Wahlkampf<br>\u00a0\u00a0\u00a0 -Informationen<br>\u00a0\u00a0\u00a0 -Bericht der Strategiearbeitsgruppe<br>4. Berichte aus der Fraktion<br>5. Mitteilungen\/Verschiedenes<\/p>\n\n\n\n<p>Wir freuen uns auf Euch!<\/p>\n","protected":false},"excerpt":{"rendered":"<p>Liebe Mitglieder und Freund:innen, wir laden euch herzlich zur kommenden Mitgliederversammlung ein. Am Mittwoch den 16.07.2025 um 18:30 Uhr.Im Dorfgemeinschaftshaus Altenritte (Ritter Stra\u00dfe 1)https:\/\/www.baunatal.de\/de\/rathaus\/ihre-stadt\/gemeinschaftshaeuser\/gemeinschaftshaus-altenritte.phpWir sind diesmal im Saal. Tagesordnung: 1&#8230;. <\/p>\n","protected":false},"author":23,"featured_media":3902,"comment_status":"closed","ping_status":"open","sticky":false,"template":"","format":"standard","meta":{"ngg_post_thumbnail":0},"categories":[1,7113,7100],"tags":[],"_links":{"self":[{"href":"http:\/\/gruene-lk-ks.de\/baunatal\/wp-json\/wp\/v2\/posts\/4130"}],"collection":[{"href":"http:\/\/gruene-lk-ks.de\/baunatal\/wp-json\/wp\/v2\/posts"}],"about":[{"href":"http:\/\/gruene-lk-ks.de\/baunatal\/wp-json\/wp\/v2\/types\/post"}],"author":[{"embeddable":true,"href":"http:\/\/gruene-lk-ks.de\/baunatal\/wp-json\/wp\/v2\/users\/23"}],"replies":[{"embeddable":true,"href":"http:\/\/gruene-lk-ks.de\/baunatal\/wp-json\/wp\/v2\/comments?post=4130"}],"version-history":[{"count":1,"href":"http:\/\/gruene-lk-ks.de\/baunatal\/wp-json\/wp\/v2\/posts\/4130\/revisions"}],"predecessor-version":[{"id":4131,"href":"http:\/\/gruene-lk-ks.de\/baunatal\/wp-json\/wp\/v2\/posts\/4130\/revisions\/4131"}],"wp:featuredmedia":[{"embeddable":true,"href":"http:\/\/gruene-lk-ks.de\/baunatal\/wp-json\/wp\/v2\/media\/3902"}],"wp:attachment":[{"href":"http:\/\/gruene-lk-ks.de\/baunatal\/wp-json\/wp\/v2\/media?parent=4130"}],"wp:term":[{"taxonomy":"category","embeddable":true,"href":"http:\/\/gruene-lk-ks.de\/baunatal\/wp-json\/wp\/v2\/categories?post=4130"},{"taxonomy":"post_tag","embeddable":true,"href":"http:\/\/gruene-lk-ks.de\/baunatal\/wp-json\/wp\/v2\/tags?post=4130"}],"curies":[{"name":"wp","href":"https:\/\/api.w.org\/{rel}","templated":true}]}}