{"id":4142,"date":"2025-08-02T12:25:11","date_gmt":"2025-08-02T10:25:11","guid":{"rendered":"http:\/\/gruene-lk-ks.de\/baunatal\/?p=4142"},"modified":"2025-08-02T12:25:55","modified_gmt":"2025-08-02T10:25:55","slug":"rueckblick-und-auswertung-stadtradeln-gruene-und-freundinnen","status":"publish","type":"post","link":"http:\/\/gruene-lk-ks.de\/baunatal\/rueckblick-und-auswertung-stadtradeln-gruene-und-freundinnen\/","title":{"rendered":"R\u00fcckblick und Auswertung Stadtradeln \u201cGR\u00dcNE und Freund:innen\u201d"},"content":{"rendered":"\n<p>Seit dem 22.06.2025 ist das Stadtradeln in Baunatal nun zu Ende. Wie jedes Jahr haben wir als Gr\u00fcne selbstverst\u00e4ndlich daran teilgenommen. Wir ben\u00f6tigen zwar nicht dieses Event, um uns aus Umweltschutzgr\u00fcnden und aus Freude an der Bewegung auf unsere R\u00e4der zu schwingen, dennoch wirkt der sportliche Wettstreit mit anderen Teams und vor allem den Teams der anderen Parteien f\u00fcr uns sehr motivierend.<\/p>\n\n\n\n<p>Und so bestand das Team der Gr\u00fcnen aus 13 motivierten Radfahrenden mit E-Bikes, klassischen Trekkingr\u00e4dern und Rennr\u00e4dern. Insgesamt haben wir 3136 km in 261 Fahrten zur\u00fcckgelegt. Das entspricht ungef\u00e4hr einer Strecke von Oslo nach Madrid oder von Baunatal nach Antalya. Wir als Gr\u00fcne fuhren mit diesem Ergebnis den 11. Platz in Baunatal ein. Keine andere Partei ist so viele Kilometer gefahren wie wir.<\/p>\n\n\n\n<p>Doch abgesehen von dem Spa\u00df an der Bewegung und den positiven k\u00f6rperlichen Effekten haben wir uns als Gr\u00fcne nat\u00fcrlich die Frage nach dem Nutzen f\u00fcr den Klimaschutz gestellt.<\/p>\n\n\n\n<p>Wie viel Co\u00b2 haben wir denn im Vergleich mit Diesel, Benzin und Batterie elektrischen Pkws <em>nicht<\/em> emittiert?<\/p>\n\n\n\n<p>Laut Umweltbundesamt lag 2023 der durchschnittliche Verbrauch eines PKW bei 7,7l Benzin und 7l Diesel auf 100km. Ein \u201cID 4\u201d verbraucht ca. 22,8 KW\/h real gemessen auf der Autobahn. Laut Helmholtz Institut und der App \u201eelectricity map&#8221;,emittiert 1l Benzin 2,37kg CO\u00b2, 1l Diesel 2,65 kg CO\u00b2 und bei der Erzeugung von 1KW\/h (Strommix \u00fcber 90 Tage gemittelt) fallen 0,253 kg CO\u00b2eg an.<\/p>\n\n\n\n<p>W\u00e4ren wir die 3136km mit Benzin gefahren, h\u00e4tten wir 520,26kg CO\u00b2 emittiert. Mit Diesel w\u00e4ren es trotz geringerem Verbrauch sogar noch mehr CO\u00b2, n\u00e4mlich 581,73 kg CO\u00b2 gewesen. Ein \u201cID 4\u201d emittiert, wenn er mit Strommix l\u00e4dt und nicht rein mit regenerativen Strom, lediglich 180,9kg CO\u00b2, ansonsten f\u00e4llt nat\u00fcrlich kein CO\u00b2 bei der Fahrt an.<\/p>\n\n\n\n<p>Und was bedeutet das f\u00fcr die Umwelt?<\/p>\n\n\n\n<p>Die NGO \u201eWilderness International\u201c, die sich f\u00fcr den dauerhaften Erhalt von Prim\u00e4rw\u00e4ldern (Regenw\u00e4ldern) in Peru und Kanada einsetzt, hat in wissenschaftlichen Studien erarbeitet, dass 1m\u00b2 Prim\u00e4rwald ca 60 kg Co\u00b2 bindet. Das bedeutet, um die Fahrt mit einem Diesel-Pkw Co\u00b2 neutral zu gestalten, m\u00fcssten 9,6m\u00b2 Prim\u00e4rwald gekauft werden. Bei Benzin 8,66m\u00b2 und bei rein elektrischen Pkw 2,6m\u00b2.<\/p>\n\n\n\n<p>Oder man f\u00e4hrt mit dem Rad, ist klimaneutral, tut was f\u00fcr seinen K\u00f6rper und seine Gesundheit und spart auch noch Geld.<\/p>\n\n\n\n<p>Wir freuen uns jetzt schon auf das Stadtradeln 2026, dann hoffentlich mit st\u00e4rkerer Konkurrenz \ud83d\ude09 . Wir wachsen schon mal unsere Ketten.<\/p>\n","protected":false},"excerpt":{"rendered":"<p>Seit dem 22.06.2025 ist das Stadtradeln in Baunatal nun zu Ende. Wie jedes Jahr haben wir als Gr\u00fcne selbstverst\u00e4ndlich daran teilgenommen. Wir ben\u00f6tigen zwar nicht dieses Event, um uns aus&#8230; <\/p>\n","protected":false},"author":23,"featured_media":4143,"comment_status":"closed","ping_status":"open","sticky":false,"template":"","format":"standard","meta":{"ngg_post_thumbnail":0},"categories":[1,7113,7100],"tags":[],"_links":{"self":[{"href":"http:\/\/gruene-lk-ks.de\/baunatal\/wp-json\/wp\/v2\/posts\/4142"}],"collection":[{"href":"http:\/\/gruene-lk-ks.de\/baunatal\/wp-json\/wp\/v2\/posts"}],"about":[{"href":"http:\/\/gruene-lk-ks.de\/baunatal\/wp-json\/wp\/v2\/types\/post"}],"author":[{"embeddable":true,"href":"http:\/\/gruene-lk-ks.de\/baunatal\/wp-json\/wp\/v2\/users\/23"}],"replies":[{"embeddable":true,"href":"http:\/\/gruene-lk-ks.de\/baunatal\/wp-json\/wp\/v2\/comments?post=4142"}],"version-history":[{"count":1,"href":"http:\/\/gruene-lk-ks.de\/baunatal\/wp-json\/wp\/v2\/posts\/4142\/revisions"}],"predecessor-version":[{"id":4144,"href":"http:\/\/gruene-lk-ks.de\/baunatal\/wp-json\/wp\/v2\/posts\/4142\/revisions\/4144"}],"wp:featuredmedia":[{"embeddable":true,"href":"http:\/\/gruene-lk-ks.de\/baunatal\/wp-json\/wp\/v2\/media\/4143"}],"wp:attachment":[{"href":"http:\/\/gruene-lk-ks.de\/baunatal\/wp-json\/wp\/v2\/media?parent=4142"}],"wp:term":[{"taxonomy":"category","embeddable":true,"href":"http:\/\/gruene-lk-ks.de\/baunatal\/wp-json\/wp\/v2\/categories?post=4142"},{"taxonomy":"post_tag","embeddable":true,"href":"http:\/\/gruene-lk-ks.de\/baunatal\/wp-json\/wp\/v2\/tags?post=4142"}],"curies":[{"name":"wp","href":"https:\/\/api.w.org\/{rel}","templated":true}]}}