{"id":4145,"date":"2025-08-08T18:21:32","date_gmt":"2025-08-08T16:21:32","guid":{"rendered":"http:\/\/gruene-lk-ks.de\/baunatal\/?p=4145"},"modified":"2025-08-08T18:21:34","modified_gmt":"2025-08-08T16:21:34","slug":"gruene-besuchen-die-vhs-region-kassel","status":"publish","type":"post","link":"http:\/\/gruene-lk-ks.de\/baunatal\/gruene-besuchen-die-vhs-region-kassel\/","title":{"rendered":"GR\u00dcNE besuchen die vhs Region Kassel"},"content":{"rendered":"\n<p>Der Kasseler Bundestagsabgeordnete Boris Mijatovic (B90\/Die GR\u00dcNEN) besuchte im Rahmen seiner Sommertour 2025 verschiedene Einrichtungen, Beh\u00f6rden und Vereine in der Region und wurde bei 2 Terminen von Parteikollegen Edmund Borschel (stellv. Kreistagsvorsitzenden und schulpolitischen Sprecher der Kreistagsfraktion) aus Baunatal begleitet.<\/p>\n\n\n\n<p>Besonders der Besuch der vhs im Kreishaus war von hohem Interesse, da nicht nur das breitgef\u00e4cherte Programm der vhs, sondern auch die Personalsituation der Bildungseinrichtung er\u00f6rtert wurde. Ein besonderer Schwerpunkt waren die neuen Vorschriften zur Verg\u00fctung der Lehrkr\u00e4fte, die seit Neuesten \u00fcberwiegend sozialversicherungspflichtig besch\u00e4ftigt sein m\u00fcssen. Dies wiederum erh\u00f6ht die Kursgeb\u00fchren, was den Teilnehmerkreis einschr\u00e4nkt. Die \u00f6rtliche vhs, immerhin zweitgr\u00f6\u00dfte im Lande Hessen, bietet vor allem im Bereich Deutsch als Fremdsprache (DaF) eine Vielzahl von Kursen auf unterschiedlichen Niveaus an. Dabei stellt sich heraus, dass ein Erreichen des Sprachlevels B1 (nach dem Europ\u00e4ischen Referenzrahmen) immer schwieriger f\u00fcr viele Kursteilnehmer:innen wird, Voraussetzung aber f\u00fcr viele Arbeitgeber, wenn es um den Abschluss eines Besch\u00e4ftigungsvertrags mit Deutsch-Anf\u00e4nger:innen geht. Denn Sprache ist der Schl\u00fcssel zu gelungener Integration! Oft reichen die angesetzten 700 Unterrichtsstunden nicht aus, um das Niveau B1 zu erreichen, weitere Kursstunden werden vom BAMF (Bundesamt f\u00fcr Migration und Fl\u00fcchtlinge) jedoch nicht oder selten genehmigt.<\/p>\n\n\n\n<p>Wir danken Fau Felicitas Toor und Herrn Sven Hebestreit (Leitung der vhs) f\u00fcr den offenen Austausch und den Einblick in das Tagesgesch\u00e4ft unserer Bildungseinrichtung von Stadt und Landkreis Kassel. Ein Bildungsangebot f\u00fcr alle, unabh\u00e4ngig von Alter, Geschlecht und kulturellem Hintergrund, welches erm\u00f6glicht, dass Menschen aus allen sozialen Schichten zusammenfinden, wenn ein Interesse, Thema oder eine Leidenschaft sie verbindet. &#8220;Lebenslanges Lernen&#8221; ist dabei das Motto.<\/p>\n","protected":false},"excerpt":{"rendered":"<p>Der Kasseler Bundestagsabgeordnete Boris Mijatovic (B90\/Die GR\u00dcNEN) besuchte im Rahmen seiner Sommertour 2025 verschiedene Einrichtungen, Beh\u00f6rden und Vereine in der Region und wurde bei 2 Terminen von Parteikollegen Edmund Borschel&#8230; <\/p>\n","protected":false},"author":23,"featured_media":4146,"comment_status":"closed","ping_status":"open","sticky":false,"template":"","format":"standard","meta":{"ngg_post_thumbnail":0},"categories":[1,7113,7100],"tags":[],"_links":{"self":[{"href":"http:\/\/gruene-lk-ks.de\/baunatal\/wp-json\/wp\/v2\/posts\/4145"}],"collection":[{"href":"http:\/\/gruene-lk-ks.de\/baunatal\/wp-json\/wp\/v2\/posts"}],"about":[{"href":"http:\/\/gruene-lk-ks.de\/baunatal\/wp-json\/wp\/v2\/types\/post"}],"author":[{"embeddable":true,"href":"http:\/\/gruene-lk-ks.de\/baunatal\/wp-json\/wp\/v2\/users\/23"}],"replies":[{"embeddable":true,"href":"http:\/\/gruene-lk-ks.de\/baunatal\/wp-json\/wp\/v2\/comments?post=4145"}],"version-history":[{"count":1,"href":"http:\/\/gruene-lk-ks.de\/baunatal\/wp-json\/wp\/v2\/posts\/4145\/revisions"}],"predecessor-version":[{"id":4147,"href":"http:\/\/gruene-lk-ks.de\/baunatal\/wp-json\/wp\/v2\/posts\/4145\/revisions\/4147"}],"wp:featuredmedia":[{"embeddable":true,"href":"http:\/\/gruene-lk-ks.de\/baunatal\/wp-json\/wp\/v2\/media\/4146"}],"wp:attachment":[{"href":"http:\/\/gruene-lk-ks.de\/baunatal\/wp-json\/wp\/v2\/media?parent=4145"}],"wp:term":[{"taxonomy":"category","embeddable":true,"href":"http:\/\/gruene-lk-ks.de\/baunatal\/wp-json\/wp\/v2\/categories?post=4145"},{"taxonomy":"post_tag","embeddable":true,"href":"http:\/\/gruene-lk-ks.de\/baunatal\/wp-json\/wp\/v2\/tags?post=4145"}],"curies":[{"name":"wp","href":"https:\/\/api.w.org\/{rel}","templated":true}]}}