{"id":4152,"date":"2025-08-16T12:26:44","date_gmt":"2025-08-16T10:26:44","guid":{"rendered":"http:\/\/gruene-lk-ks.de\/baunatal\/?p=4152"},"modified":"2025-08-16T12:26:45","modified_gmt":"2025-08-16T10:26:45","slug":"gruene-frauen-aktiv-in-der-kommunalpolitik-im-kreis-kassel","status":"publish","type":"post","link":"http:\/\/gruene-lk-ks.de\/baunatal\/gruene-frauen-aktiv-in-der-kommunalpolitik-im-kreis-kassel\/","title":{"rendered":"GR\u00dcNE Frauen &#8211; aktiv in der Kommunalpolitik im Kreis Kassel"},"content":{"rendered":"\n<p>Am Do. 28.08.2025, ab 18.00 Uhr, in Baunatal-Guntershausen, An der Wasserm\u00fchle 10<\/p>\n\n\n\n<p>Mit Sigrid Erfurth (KV Werra-Mei\u00dfner, ehemalige frauenpolitische Sprecherin und Landesvorsitzende der GR\u00dcNEN in Hessen) + Katja Sch\u00f6ne (Vorsitzende KV Kassel-Land) + Franziska B\u00fcnsow (Fraktionsvorsitzende OV Baunatal).<\/p>\n\n\n\n<p>B\u00dcNDNIS 90\/DIE GR\u00dcNEN ist eine wertegeleitete, eine feministische Partei. Es geht um Geschlechtergleichheit, Geschlechtergerechtigkeit, um Chancengerechtigkeit f\u00fcr Frauen* in der Gesellschaft, Wirtschaft, Wissenschaft und Politik. Das fest verankerte Frauenstatut in der Parteisatzung schafft die M\u00f6glichkeit f\u00fcr eine starke Beteiligung von Frauen. Im Vorfeld der Kommunalwahl 2026 ist das Ziel der GR\u00dcNEN noch mehr Frauen* zu ermutigen, kommunalpolitisch in Stadt-, Gemeinde- und Kreisparlamenten aktiv zu werden.<\/p>\n\n\n\n<p>Die Veranstaltung bietet ein Forum zum Austausch f\u00fcr Frauen* an. Wo finden Frauen* Unterst\u00fctzung? Wie gelingt der Spagat zwischen Familien-Care-Arbeit + Beruf + ehrenamtlichem Partei-Engagement? Wie kann eine Kommunalpolitik aussehen, die die Interessen von Frauen* in den Fokus stellt?<\/p>\n\n\n\n<p>Die Veranstalterinnen freuen sich auf interessierte Frauen*, unabh\u00e4ngig von einer Mitgliedschaft bei B\u00fcndnis 90\/Die GR\u00dcNEN! Anmeldung gerne vorab per Mail an <a href=\"mailto:info@gruene-landkreis-kassel.de\"><u>info@gruene-landkreis-kassel.de<\/u><\/a><\/p>\n\n\n\n<p>Frauen* meint alle Menschen, die sich nicht als M\u00e4nner identifizieren.<\/p>\n\n\n\n<figure class=\"wp-block-image size-large\"><a class=\"fancybox\" rel=\"gallery4152\" href=\"http:\/\/gruene-lk-ks.de\/baunatal\/files\/2025\/08\/Gruene-Frauen-kommunalpolitisch-aktiv.png\"><img src=\"http:\/\/gruene-lk-ks.de\/baunatal\/files\/2025\/08\/Gruene-Frauen-kommunalpolitisch-aktiv-800x1000.png\" alt=\"\" class=\"wp-image-4150\" \/><\/a><\/figure>\n","protected":false},"excerpt":{"rendered":"<p>Am Do. 28.08.2025, ab 18.00 Uhr, in Baunatal-Guntershausen, An der Wasserm\u00fchle 10 Mit Sigrid Erfurth (KV Werra-Mei\u00dfner, ehemalige frauenpolitische Sprecherin und Landesvorsitzende der GR\u00dcNEN in Hessen) + Katja Sch\u00f6ne (Vorsitzende&#8230; <\/p>\n","protected":false},"author":23,"featured_media":4150,"comment_status":"closed","ping_status":"open","sticky":false,"template":"","format":"standard","meta":{"ngg_post_thumbnail":0},"categories":[1,7113,7100],"tags":[],"_links":{"self":[{"href":"http:\/\/gruene-lk-ks.de\/baunatal\/wp-json\/wp\/v2\/posts\/4152"}],"collection":[{"href":"http:\/\/gruene-lk-ks.de\/baunatal\/wp-json\/wp\/v2\/posts"}],"about":[{"href":"http:\/\/gruene-lk-ks.de\/baunatal\/wp-json\/wp\/v2\/types\/post"}],"author":[{"embeddable":true,"href":"http:\/\/gruene-lk-ks.de\/baunatal\/wp-json\/wp\/v2\/users\/23"}],"replies":[{"embeddable":true,"href":"http:\/\/gruene-lk-ks.de\/baunatal\/wp-json\/wp\/v2\/comments?post=4152"}],"version-history":[{"count":1,"href":"http:\/\/gruene-lk-ks.de\/baunatal\/wp-json\/wp\/v2\/posts\/4152\/revisions"}],"predecessor-version":[{"id":4153,"href":"http:\/\/gruene-lk-ks.de\/baunatal\/wp-json\/wp\/v2\/posts\/4152\/revisions\/4153"}],"wp:featuredmedia":[{"embeddable":true,"href":"http:\/\/gruene-lk-ks.de\/baunatal\/wp-json\/wp\/v2\/media\/4150"}],"wp:attachment":[{"href":"http:\/\/gruene-lk-ks.de\/baunatal\/wp-json\/wp\/v2\/media?parent=4152"}],"wp:term":[{"taxonomy":"category","embeddable":true,"href":"http:\/\/gruene-lk-ks.de\/baunatal\/wp-json\/wp\/v2\/categories?post=4152"},{"taxonomy":"post_tag","embeddable":true,"href":"http:\/\/gruene-lk-ks.de\/baunatal\/wp-json\/wp\/v2\/tags?post=4152"}],"curies":[{"name":"wp","href":"https:\/\/api.w.org\/{rel}","templated":true}]}}