{"id":4159,"date":"2025-09-01T19:49:43","date_gmt":"2025-09-01T17:49:43","guid":{"rendered":"http:\/\/gruene-lk-ks.de\/baunatal\/?p=4159"},"modified":"2025-09-01T19:53:58","modified_gmt":"2025-09-01T17:53:58","slug":"gruene-frauen-im-kreis-kassel-mut-zur-haelfte-der-macht","status":"publish","type":"post","link":"http:\/\/gruene-lk-ks.de\/baunatal\/gruene-frauen-im-kreis-kassel-mut-zur-haelfte-der-macht\/","title":{"rendered":"GR\u00dcNE Frauen im Kreis Kassel \u2013 Mut zur H\u00e4lfte der Macht"},"content":{"rendered":"\n<p>Zu der besonderen Veranstaltung \u201eGR\u00dcNE Frauen \u2013 aktiv in der Kommunalpolitik im Kreis Kassel\u201c luden die GR\u00dcNEN im Landkreis Kassel am Donnerstag, den 28. August 2025, nach Baunatal ein.<\/p>\n\n\n\n<p>Zu Gast waren Sigrid Erfurth, ehemalige frauenpolitische Sprecherin und Landesvorsitzende der GR\u00dcNEN in Hessen, Katja Sch\u00f6ne, Vorsitzende des Kreisverbands Kassel-Land, sowie Franziska B\u00fcnsow, Fraktionsvorsitzende im Ortsverband Baunatal.<\/p>\n\n\n\n<p>Im Mittelpunkt stand die Frage, wie mehr Frauen den Weg in die Kommunalpolitik finden k\u00f6nnen \u2013 gerade im Hinblick auf die Kommunalwahl 2026. B\u00dcNDNIS 90\/DIE GR\u00dcNEN verstehen sich als feministische Partei, deren Frauenstatut die gleichberechtigte Teilhabe von Frauen fest in der Satzung verankert.<\/p>\n\n\n\n<p>Deutlich wurde im Austausch: Die K\u00e4mpfe um Gleichberechtigung sind noch l\u00e4ngst nicht vorbei. \u201eWir f\u00fchren nicht nur die K\u00e4mpfe unserer M\u00fctter weiter, sondern auch die unserer Omas. Gleichberechtigung zu erreichen, scheint oft z\u00e4h\u201c, so eine Teilnehmerin. Besonders diskutiert wurden Hindernisse, die Frauen beim politischen Engagement im Alltag erleben: Neben Beruf und Ehrenamt lasten Care-Arbeit und Mental Load nach wie vor \u00fcberwiegend auf den Schultern von Frauen.<\/p>\n\n\n\n<p>Konkrete Tipps und Unterst\u00fctzungsfaktoren wurden identifiziert:<\/p>\n\n\n\n<p>F\u00f6rderliche Faktoren:<\/p>\n\n\n\n<ul><li>R\u00fcckhalt in der aktiven Gruppe erfahren<\/li><\/ul>\n\n\n\n<ul><li>Mit konkreten Projekten wie einer B\u00fcrgerinitiative oder einer Elternvertretung anfangen<\/li><\/ul>\n\n\n\n<ul><li>Politik als \u201eHobby\u201c haben<\/li><\/ul>\n\n\n\n<ul><li>Unterst\u00fctzung durch \u201eerfahrene\u201c Frauen erfahren<\/li><\/ul>\n\n\n\n<ul><li>Mit (Gr\u00fcnen) Werten der Partei\/W\u00e4hlerliste \u00fcbereinstimmen<\/li><\/ul>\n\n\n\n<ul><li>Frauenstatut der Gr\u00fcnen!<\/li><\/ul>\n\n\n\n<p>Tipps:<\/p>\n\n\n\n<ul><li>Reden zu Herzensthemen oder Schwerpunktthemen halten oder   Aktionen vorbereiten und von da aus Sicherheit gewinnen<\/li><\/ul>\n\n\n\n<ul><li>\u00dcben, mit lauter Stimme zu sprechen<\/li><\/ul>\n\n\n\n<ul><li>Netzwerke suchen oder selber bilden<\/li><\/ul>\n\n\n\n<ul><li>Perfektionismus hinter sich lassen und Mut haben, auch mal einen Fehler zu machen<\/li><\/ul>\n\n\n\n<ul><li>Nachfragen, wenn man etwas (noch) nicht versteht<\/li><\/ul>\n\n\n\n<p>Die Veranstaltung bot ein wichtiges Forum, um diese Herausforderungen zu benennen, Unterst\u00fctzungsm\u00f6glichkeiten sichtbar zu machen und konkrete Wege aufzuzeigen, wie Kommunalpolitik weiblicher und gerechter gestaltet werden kann. Klar wurde: F\u00fcr echte Gleichstellung braucht es nicht nur gute Strukturen, sondern auch Mut und Solidarit\u00e4t \u2013 und mindestens die H\u00e4lfte der Macht.<\/p>\n\n\n\n<p>Alle, die dabei mitwirken m\u00f6chten, sind herzlich eingeladen, an unseren Veranstaltungen teilzunehmen, unverbindlich das Gespr\u00e4ch aufzunehmen oder Mitglied zu werden.<\/p>\n\n\n\n<figure class=\"wp-block-image size-large\"><a class=\"fancybox\" rel=\"gallery4159\" href=\"http:\/\/gruene-lk-ks.de\/baunatal\/files\/2025\/09\/IMG-20250829-WA0002.png\"><img loading=\"lazy\" width=\"800\" height=\"341\" src=\"http:\/\/gruene-lk-ks.de\/baunatal\/files\/2025\/09\/IMG-20250829-WA0002-800x341.png\" alt=\"\" class=\"wp-image-4161\" srcset=\"http:\/\/gruene-lk-ks.de\/baunatal\/files\/2025\/09\/IMG-20250829-WA0002-800x341.png 800w, http:\/\/gruene-lk-ks.de\/baunatal\/files\/2025\/09\/IMG-20250829-WA0002-400x170.png 400w, http:\/\/gruene-lk-ks.de\/baunatal\/files\/2025\/09\/IMG-20250829-WA0002-768x327.png 768w, http:\/\/gruene-lk-ks.de\/baunatal\/files\/2025\/09\/IMG-20250829-WA0002-150x64.png 150w, http:\/\/gruene-lk-ks.de\/baunatal\/files\/2025\/09\/IMG-20250829-WA0002.png 1280w\" sizes=\"(max-width: 800px) 100vw, 800px\" \/><\/a><\/figure>\n","protected":false},"excerpt":{"rendered":"<p>Zu der besonderen Veranstaltung \u201eGR\u00dcNE Frauen \u2013 aktiv in der Kommunalpolitik im Kreis Kassel\u201c luden die GR\u00dcNEN im Landkreis Kassel am Donnerstag, den 28. August 2025, nach Baunatal ein. Zu&#8230; <\/p>\n","protected":false},"author":23,"featured_media":4160,"comment_status":"closed","ping_status":"open","sticky":false,"template":"","format":"standard","meta":{"ngg_post_thumbnail":0},"categories":[1,7113,7100],"tags":[],"_links":{"self":[{"href":"http:\/\/gruene-lk-ks.de\/baunatal\/wp-json\/wp\/v2\/posts\/4159"}],"collection":[{"href":"http:\/\/gruene-lk-ks.de\/baunatal\/wp-json\/wp\/v2\/posts"}],"about":[{"href":"http:\/\/gruene-lk-ks.de\/baunatal\/wp-json\/wp\/v2\/types\/post"}],"author":[{"embeddable":true,"href":"http:\/\/gruene-lk-ks.de\/baunatal\/wp-json\/wp\/v2\/users\/23"}],"replies":[{"embeddable":true,"href":"http:\/\/gruene-lk-ks.de\/baunatal\/wp-json\/wp\/v2\/comments?post=4159"}],"version-history":[{"count":3,"href":"http:\/\/gruene-lk-ks.de\/baunatal\/wp-json\/wp\/v2\/posts\/4159\/revisions"}],"predecessor-version":[{"id":4165,"href":"http:\/\/gruene-lk-ks.de\/baunatal\/wp-json\/wp\/v2\/posts\/4159\/revisions\/4165"}],"wp:featuredmedia":[{"embeddable":true,"href":"http:\/\/gruene-lk-ks.de\/baunatal\/wp-json\/wp\/v2\/media\/4160"}],"wp:attachment":[{"href":"http:\/\/gruene-lk-ks.de\/baunatal\/wp-json\/wp\/v2\/media?parent=4159"}],"wp:term":[{"taxonomy":"category","embeddable":true,"href":"http:\/\/gruene-lk-ks.de\/baunatal\/wp-json\/wp\/v2\/categories?post=4159"},{"taxonomy":"post_tag","embeddable":true,"href":"http:\/\/gruene-lk-ks.de\/baunatal\/wp-json\/wp\/v2\/tags?post=4159"}],"curies":[{"name":"wp","href":"https:\/\/api.w.org\/{rel}","templated":true}]}}