{"id":442,"date":"2016-01-18T02:06:17","date_gmt":"2016-01-18T00:06:17","guid":{"rendered":"http:\/\/gruene-lk-ks.de\/baunatal\/?p=442"},"modified":"2016-01-18T02:06:17","modified_gmt":"2016-01-18T00:06:17","slug":"treffen-der-gruenen-baunatal-zur-kommunalwahl","status":"publish","type":"post","link":"http:\/\/gruene-lk-ks.de\/baunatal\/treffen-der-gruenen-baunatal-zur-kommunalwahl\/","title":{"rendered":"Treffen der GR\u00dcNEN Baunatal zur Kommunalwahl"},"content":{"rendered":"<p style=\"text-align: right\"><b>17. Jan. 2016<\/b><\/p>\n<p><b>Treffen der GR\u00dcNEN Baunatal zur Kommunalwahl<\/b><\/p>\n<p><b>Zu Jahresbeginn trafen sich die GR\u00dcNEN Baunatal zur Vorbereitung der Kommunalwahl am 6. M\u00e4rz 2016. Der Einladung ins Hotel Stadt Baunatal in Altenritte folgten zahlreiche Mitglieder*innen, Sympathisant*innen und Kandidat*innen.<\/b><\/p>\n<p>Den GR\u00dcNEN Ortsvereinsvorsitzenden Edmund Borschel freute besonders, dass die GR\u00dcNEN abermals eine ausgewogene, mit hohem Engagement und Qualit\u00e4t gespickte Kandidatenliste aufstellen konnten. Er gab als Ziele der GR\u00dcNEN Baunatal zur Kommunalwahl am 6. M\u00e4rz aus:<\/p>\n<ul>\n<li>m\u00f6glichst viele Inhalte der GR\u00dcNEN in der k\u00fcnftigen Stadtverordnetenversammlung umzusetzen, zum Wohle der Bev\u00f6lkerung und der Umwelt in unserer Stadt,<\/li>\n<li>die seit mehr als 60 Jahren bestehende, verkrustete Mehrheit der SPD zu knacken,<\/li>\n<li>nach dem aktuellen und bef\u00fcrchteten zuk\u00fcnftigen Einbruch der Gewerbesteuerzahlungen durch den VW-Skandal helfen, die\u00a0 Herausforderungen und Einsparziele im Haushalt des neuen Stadtparlaments zu meistern.\n<p><div id=\"attachment_443\" class=\"wp-caption aligncenter\" style=\"width: 783px\"><a class=\"fancybox\" rel=\"gallery442\" href=\"http:\/\/gruene-lk-ks.de\/baunatal\/files\/2016\/01\/IMG_0226.jpg\" rel=\"attachment wp-att-443\"><img loading=\"lazy\" class=\"size-large wp-image-443\" src=\"http:\/\/gruene-lk-ks.de\/baunatal\/files\/2016\/01\/IMG_0226-800x533.jpg\" alt=\"GR\u00dcNE Liste zum 6.3.16 - Ein starkes Team mit \u201cFrauenpower\u201c\" width=\"783\" height=\"522\" srcset=\"http:\/\/gruene-lk-ks.de\/baunatal\/files\/2016\/01\/IMG_0226-800x533.jpg 800w, http:\/\/gruene-lk-ks.de\/baunatal\/files\/2016\/01\/IMG_0226-400x267.jpg 400w, http:\/\/gruene-lk-ks.de\/baunatal\/files\/2016\/01\/IMG_0226-768x512.jpg 768w, http:\/\/gruene-lk-ks.de\/baunatal\/files\/2016\/01\/IMG_0226-150x100.jpg 150w\" sizes=\"(max-width: 783px) 100vw, 783px\" \/><\/a><p class=\"wp-caption-text\">GR\u00dcNE Liste zum 6.3.16 &#8211; Ein starkes Team mit \u201cFrauenpower\u201c<\/p><\/div><\/li>\n<\/ul>\n<p>&nbsp;<\/p>\n","protected":false},"excerpt":{"rendered":"<p>17. Jan. 2016 Treffen der GR\u00dcNEN Baunatal zur Kommunalwahl Zu Jahresbeginn trafen sich die GR\u00dcNEN Baunatal zur Vorbereitung der Kommunalwahl am 6. M\u00e4rz 2016. Der Einladung ins Hotel Stadt Baunatal&#8230; <\/p>\n","protected":false},"author":6,"featured_media":443,"comment_status":"open","ping_status":"open","sticky":false,"template":"","format":"standard","meta":{"ngg_post_thumbnail":0},"categories":[1],"tags":[],"_links":{"self":[{"href":"http:\/\/gruene-lk-ks.de\/baunatal\/wp-json\/wp\/v2\/posts\/442"}],"collection":[{"href":"http:\/\/gruene-lk-ks.de\/baunatal\/wp-json\/wp\/v2\/posts"}],"about":[{"href":"http:\/\/gruene-lk-ks.de\/baunatal\/wp-json\/wp\/v2\/types\/post"}],"author":[{"embeddable":true,"href":"http:\/\/gruene-lk-ks.de\/baunatal\/wp-json\/wp\/v2\/users\/6"}],"replies":[{"embeddable":true,"href":"http:\/\/gruene-lk-ks.de\/baunatal\/wp-json\/wp\/v2\/comments?post=442"}],"version-history":[{"count":1,"href":"http:\/\/gruene-lk-ks.de\/baunatal\/wp-json\/wp\/v2\/posts\/442\/revisions"}],"predecessor-version":[{"id":444,"href":"http:\/\/gruene-lk-ks.de\/baunatal\/wp-json\/wp\/v2\/posts\/442\/revisions\/444"}],"wp:featuredmedia":[{"embeddable":true,"href":"http:\/\/gruene-lk-ks.de\/baunatal\/wp-json\/wp\/v2\/media\/443"}],"wp:attachment":[{"href":"http:\/\/gruene-lk-ks.de\/baunatal\/wp-json\/wp\/v2\/media?parent=442"}],"wp:term":[{"taxonomy":"category","embeddable":true,"href":"http:\/\/gruene-lk-ks.de\/baunatal\/wp-json\/wp\/v2\/categories?post=442"},{"taxonomy":"post_tag","embeddable":true,"href":"http:\/\/gruene-lk-ks.de\/baunatal\/wp-json\/wp\/v2\/tags?post=442"}],"curies":[{"name":"wp","href":"https:\/\/api.w.org\/{rel}","templated":true}]}}