{"id":445,"date":"2016-01-18T02:06:45","date_gmt":"2016-01-18T00:06:45","guid":{"rendered":"http:\/\/gruene-lk-ks.de\/baunatal\/?p=445"},"modified":"2016-01-18T02:06:45","modified_gmt":"2016-01-18T00:06:45","slug":"gruene-baunatal-zeigen-flagge-beim-neujahrsempfang-der-stadt","status":"publish","type":"post","link":"http:\/\/gruene-lk-ks.de\/baunatal\/gruene-baunatal-zeigen-flagge-beim-neujahrsempfang-der-stadt\/","title":{"rendered":"GR\u00dcNE Baunatal zeigen Flagge beim Neujahrsempfang der Stadt"},"content":{"rendered":"<p style=\"text-align: right\"><strong>17. Jan. 2016<\/strong><\/p>\n<p><b>GR\u00dcNE Baunatal zeigen Flagge beim Neujahrsempfang der Stadt<\/b><\/p>\n<p>Eine Delegation der GR\u00dcNEN war beim international ausgerichteten Neujahrsempfang der Stadt gut vertreten. Unter dem Motto \u201cWir sind Partner\u201c wurden sowohl Errungenschaften unserer St\u00e4dtepartnerschaften mit unseren Partnern Vrachlabi, Vire, San Sebastian de los Reyes und Sangerhausen betont, aber auch von einigen Rednern Schwierigkeiten im vereinten Europa nicht verschwiegen.<\/p>\n<div id=\"attachment_447\" class=\"wp-caption aligncenter\" style=\"width: 783px\"><a class=\"fancybox\" rel=\"gallery445\" href=\"http:\/\/gruene-lk-ks.de\/baunatal\/files\/2016\/01\/2016_GRUENE_Neujahrsempfang.jpg\" rel=\"attachment wp-att-447\"><img loading=\"lazy\" class=\"size-large wp-image-447\" src=\"http:\/\/gruene-lk-ks.de\/baunatal\/files\/2016\/01\/2016_GRUENE_Neujahrsempfang-800x533.jpg\" alt=\"\u201cDelegation\u201c beim Neujahrsempfang: Lothar Rost, Juliane Kothe, Dzemila Dorschner, Edmund Borschel und Ursula Dittmar-L\u00f6we (v.l.)\" width=\"783\" height=\"522\" srcset=\"http:\/\/gruene-lk-ks.de\/baunatal\/files\/2016\/01\/2016_GRUENE_Neujahrsempfang-800x533.jpg 800w, http:\/\/gruene-lk-ks.de\/baunatal\/files\/2016\/01\/2016_GRUENE_Neujahrsempfang-400x267.jpg 400w, http:\/\/gruene-lk-ks.de\/baunatal\/files\/2016\/01\/2016_GRUENE_Neujahrsempfang-768x512.jpg 768w, http:\/\/gruene-lk-ks.de\/baunatal\/files\/2016\/01\/2016_GRUENE_Neujahrsempfang-150x100.jpg 150w\" sizes=\"(max-width: 783px) 100vw, 783px\" \/><\/a><p class=\"wp-caption-text\">\u201cDelegation\u201c beim Neujahrsempfang: Lothar Rost, Juliane Kothe, Dzemila Dorschner, Edmund Borschel und Ursula Dittmar-L\u00f6we (v.l.)<\/p><\/div>\n<p>Besonders beeindruckend schilderte der B\u00fcrgermeister aus der franz\u00f6sischen Partner-Stadt Vire die Herausforderungen nach den Attentaten in Frankreich im Jahr 2015 und dem j\u00fcngsten Bombenanschlag in Istanbul gegen deutsche Touristen, welches beide L\u00e4nder hart getroffen hat. Mut machte er den G\u00e4sten, indem er klar betonte, dass der Terrorismus keine Chance hat unser Wertesystem auszuhebeln oder gar unsere Grundwerte der Humanit\u00e4t und Menschenw\u00fcrde zu zerst\u00f6ren.<\/p>\n<a class=\"fancybox\" rel=\"gallery445\" href=\"http:\/\/gruene-lk-ks.de\/baunatal\/files\/2016\/01\/HP.jpg\" rel=\"attachment wp-att-450\"><img loading=\"lazy\" class=\"aligncenter wp-image-450 size-full\" src=\"http:\/\/gruene-lk-ks.de\/baunatal\/files\/2016\/01\/HP.jpg\" alt=\"HP\" width=\"5400\" height=\"1796\" srcset=\"http:\/\/gruene-lk-ks.de\/baunatal\/files\/2016\/01\/HP.jpg 5400w, http:\/\/gruene-lk-ks.de\/baunatal\/files\/2016\/01\/HP-400x133.jpg 400w, http:\/\/gruene-lk-ks.de\/baunatal\/files\/2016\/01\/HP-768x255.jpg 768w, http:\/\/gruene-lk-ks.de\/baunatal\/files\/2016\/01\/HP-800x266.jpg 800w, http:\/\/gruene-lk-ks.de\/baunatal\/files\/2016\/01\/HP-150x50.jpg 150w\" sizes=\"(max-width: 5400px) 100vw, 5400px\" \/><\/a>\n<p>&nbsp;<\/p>\n<p>Verschwiegen werden darf aber auch nicht, dass die Vorkommnisse in K\u00f6ln in den Augen vieler Menschen die Hilfsbereitschaft in der Bev\u00f6lkerung bei der Bew\u00e4ltigung der Fl\u00fcchtlingskrise schw\u00e4cht, auch wenn die Gruppe dieser Kriminellen nicht die Fl\u00fcchtlinge repr\u00e4sentiert, die nach Krieg, Verfolgung\u00a0 und Terror in ihrem Heimatland Schutz in unserem freiheitlich-demokratischen Rechtsstaat suchen, besonders wenn sie mit Familien und Kindern zu uns kommen.<\/p>\n<p>Auch seitens der GR\u00dcNEN geht ein besonderer Dank an die zahlreichen Helfer*innen in Baunatal f\u00fcr ihr Engagement in der Fl\u00fcchtlingsunterkunft in Hertingshausen.<\/p>\n","protected":false},"excerpt":{"rendered":"<p>17. Jan. 2016 GR\u00dcNE Baunatal zeigen Flagge beim Neujahrsempfang der Stadt Eine Delegation der GR\u00dcNEN war beim international ausgerichteten Neujahrsempfang der Stadt gut vertreten. Unter dem Motto \u201cWir sind Partner\u201c&#8230; <\/p>\n","protected":false},"author":6,"featured_media":447,"comment_status":"open","ping_status":"open","sticky":false,"template":"","format":"standard","meta":{"ngg_post_thumbnail":0},"categories":[1],"tags":[],"_links":{"self":[{"href":"http:\/\/gruene-lk-ks.de\/baunatal\/wp-json\/wp\/v2\/posts\/445"}],"collection":[{"href":"http:\/\/gruene-lk-ks.de\/baunatal\/wp-json\/wp\/v2\/posts"}],"about":[{"href":"http:\/\/gruene-lk-ks.de\/baunatal\/wp-json\/wp\/v2\/types\/post"}],"author":[{"embeddable":true,"href":"http:\/\/gruene-lk-ks.de\/baunatal\/wp-json\/wp\/v2\/users\/6"}],"replies":[{"embeddable":true,"href":"http:\/\/gruene-lk-ks.de\/baunatal\/wp-json\/wp\/v2\/comments?post=445"}],"version-history":[{"count":2,"href":"http:\/\/gruene-lk-ks.de\/baunatal\/wp-json\/wp\/v2\/posts\/445\/revisions"}],"predecessor-version":[{"id":451,"href":"http:\/\/gruene-lk-ks.de\/baunatal\/wp-json\/wp\/v2\/posts\/445\/revisions\/451"}],"wp:featuredmedia":[{"embeddable":true,"href":"http:\/\/gruene-lk-ks.de\/baunatal\/wp-json\/wp\/v2\/media\/447"}],"wp:attachment":[{"href":"http:\/\/gruene-lk-ks.de\/baunatal\/wp-json\/wp\/v2\/media?parent=445"}],"wp:term":[{"taxonomy":"category","embeddable":true,"href":"http:\/\/gruene-lk-ks.de\/baunatal\/wp-json\/wp\/v2\/categories?post=445"},{"taxonomy":"post_tag","embeddable":true,"href":"http:\/\/gruene-lk-ks.de\/baunatal\/wp-json\/wp\/v2\/tags?post=445"}],"curies":[{"name":"wp","href":"https:\/\/api.w.org\/{rel}","templated":true}]}}