{"id":454,"date":"2016-01-26T17:12:23","date_gmt":"2016-01-26T15:12:23","guid":{"rendered":"http:\/\/gruene-lk-ks.de\/baunatal\/?p=454"},"modified":"2016-01-26T17:12:23","modified_gmt":"2016-01-26T15:12:23","slug":"gruene-eroeffnen-kommunalwahlkampf","status":"publish","type":"post","link":"http:\/\/gruene-lk-ks.de\/baunatal\/gruene-eroeffnen-kommunalwahlkampf\/","title":{"rendered":"GR\u00dcNE er\u00f6ffnen Kommunalwahlkampf"},"content":{"rendered":"<p style=\"text-align: right\"><b>\u00a0 <\/b><b>24. Jan. 2016<\/b><\/p>\n<p><b>Nach dem Erreichen ihrer Liste zur Kommunalwahl 2016 folgte die obligatorische Winter-Klebeparty bei Juliane Kothe in der Wasserm\u00fchle in Guntershausen.\u00a0 Die\u00a0 frostigen Temperaturen konnten aber den Enthusiasmus von Dzemila Dorschner und Florian Pfeiffer (zum ersten Mal dabei) sowie den \u201calten Hasen\u201c Lothar Rost und Edmund Borschel nicht bremsen. Alle vier kandidieren auf aussichtsreichen Pl\u00e4tzen f\u00fcr die kommende Stadtverordnetenversammlung. Wie immer wurden die Helfer*innen von Juliane Kothe (unserer Spitzenkandidatin) mit warmen Getr\u00e4nken und einer hei\u00dfen Suppe zu Mittag verw\u00f6hnt.<\/b><\/p>\n<p>Motivierend war ebnso, dass 6 kreative Postermotive vom Landkreis Kassel geklebt und das neue Motto der GR\u00dcNEN Baunatal hier erstmalig eingesetzt und umgesetzt wurden, welches lautet <b>\u201cGR\u00dcNE bewegen Baunatal\u201c<\/b>.<\/p>\n<div id=\"attachment_456\" class=\"wp-caption aligncenter\" style=\"width: 783px\"><a class=\"fancybox\" rel=\"gallery454\" href=\"http:\/\/gruene-lk-ks.de\/baunatal\/files\/2016\/01\/2016-01-23-22.13.34.jpg\" rel=\"attachment wp-att-456\"><img loading=\"lazy\" class=\"size-large wp-image-456\" src=\"http:\/\/gruene-lk-ks.de\/baunatal\/files\/2016\/01\/2016-01-23-22.13.34-800x533.jpg\" alt=\"Erst die Vorbereitungen- dann das Kleben! Dzemila und Florian (v.l.)\" width=\"783\" height=\"522\" srcset=\"http:\/\/gruene-lk-ks.de\/baunatal\/files\/2016\/01\/2016-01-23-22.13.34-800x533.jpg 800w, http:\/\/gruene-lk-ks.de\/baunatal\/files\/2016\/01\/2016-01-23-22.13.34-400x267.jpg 400w, http:\/\/gruene-lk-ks.de\/baunatal\/files\/2016\/01\/2016-01-23-22.13.34-768x512.jpg 768w, http:\/\/gruene-lk-ks.de\/baunatal\/files\/2016\/01\/2016-01-23-22.13.34-150x100.jpg 150w\" sizes=\"(max-width: 783px) 100vw, 783px\" \/><\/a><p class=\"wp-caption-text\">Erst die Vorbereitungen- dann das Kleben! Dzemila und Florian (v.l.)<\/p><\/div>\n<p>Alle GR\u00dcNEN Kandidat*innen laden die interessierten W\u00e4hler*innen trotz m\u00f6glicher K\u00e4lte im\u00a0 \u201cWinterwahlkampf\u201c ein, uns bei unseren Wahlst\u00e4nden samstags zu besuchen, ab 6. Februar bis 5. M\u00e4rz\u00a0 2016 auf dem\u00a0 Marktplatz bzw. dem Baunataler Wochenmarkt. Wir freuen uns auf einen Gedankenaustausch mit Ihnen in diesen nicht immer einfachen Tagen mit der Krise bei VW und damit verbunden einbrechenden Gewerbesteuerzahlungen an die Stadt Baunatal und den Herausforderungen in der Fl\u00fcchtlingsversorgung bzw. -unterbringung mit bevorstehenden steigenden Zahlen auch f\u00fcr unsere Stadt.<\/p>\n<div id=\"attachment_455\" class=\"wp-caption aligncenter\" style=\"width: 783px\"><a class=\"fancybox\" rel=\"gallery454\" href=\"http:\/\/gruene-lk-ks.de\/baunatal\/files\/2016\/01\/2016-01-23-22.10.09.jpg\" rel=\"attachment wp-att-455\"><img loading=\"lazy\" class=\"size-large wp-image-455\" src=\"http:\/\/gruene-lk-ks.de\/baunatal\/files\/2016\/01\/2016-01-23-22.10.09-800x533.jpg\" alt=\"Die M\u00fche hat sich gelohnt: Ansprechende Endprodukte pr\u00e4sentieren (v.l.) Florian, Lothar, Ede und Dzemila\" width=\"783\" height=\"522\" srcset=\"http:\/\/gruene-lk-ks.de\/baunatal\/files\/2016\/01\/2016-01-23-22.10.09-800x533.jpg 800w, http:\/\/gruene-lk-ks.de\/baunatal\/files\/2016\/01\/2016-01-23-22.10.09-400x267.jpg 400w, http:\/\/gruene-lk-ks.de\/baunatal\/files\/2016\/01\/2016-01-23-22.10.09-768x512.jpg 768w, http:\/\/gruene-lk-ks.de\/baunatal\/files\/2016\/01\/2016-01-23-22.10.09-150x100.jpg 150w\" sizes=\"(max-width: 783px) 100vw, 783px\" \/><\/a><p class=\"wp-caption-text\">Die M\u00fche hat sich gelohnt: Ansprechende Endprodukte pr\u00e4sentieren (v.l.) Florian, Lothar, Ede und Dzemila<\/p><\/div>\n<p>Ohne die bereits laufende gro\u00dfartige Hilfsbereitschaft des aktiven Unterst\u00fctzerkreises k\u00f6nnte vieles, was in der Fl\u00fcchtlingsunterkunft in Hertingshausen schon angelaufen ist, nicht m\u00f6glich sein, wie Sprachkurse f\u00fcr <b>alle<\/b> Asylsuchenden, wenn auch zeitlich limitiert, Kinderbetreuung und Angebot an Freizeitaktivit\u00e4ten.<\/p>\n<p><b>Unabh\u00e4ngig von ihren Pr\u00e4ferenzen bitten wir schon jetzt alle W\u00e4hler*innen: Machen Sie von ihrem Wahlrecht am 6. M\u00e4rz 2016 Gebrauch! Denn nur w\u00e4hlt hat \u201cmitbestimmt\u201c \u00fcber die Zukunft unserer Stadt und unseres Landkreises und entscheidet, welche Abgeordneten W\u00e4hlerinteressen selbstbewusst am geeignetsten vertreten.<\/b><\/p>\n","protected":false},"excerpt":{"rendered":"<p>\u00a0 24. Jan. 2016 Nach dem Erreichen ihrer Liste zur Kommunalwahl 2016 folgte die obligatorische Winter-Klebeparty bei Juliane Kothe in der Wasserm\u00fchle in Guntershausen.\u00a0 Die\u00a0 frostigen Temperaturen konnten aber den&#8230; <\/p>\n","protected":false},"author":6,"featured_media":455,"comment_status":"open","ping_status":"open","sticky":false,"template":"","format":"standard","meta":{"ngg_post_thumbnail":0},"categories":[1],"tags":[],"_links":{"self":[{"href":"http:\/\/gruene-lk-ks.de\/baunatal\/wp-json\/wp\/v2\/posts\/454"}],"collection":[{"href":"http:\/\/gruene-lk-ks.de\/baunatal\/wp-json\/wp\/v2\/posts"}],"about":[{"href":"http:\/\/gruene-lk-ks.de\/baunatal\/wp-json\/wp\/v2\/types\/post"}],"author":[{"embeddable":true,"href":"http:\/\/gruene-lk-ks.de\/baunatal\/wp-json\/wp\/v2\/users\/6"}],"replies":[{"embeddable":true,"href":"http:\/\/gruene-lk-ks.de\/baunatal\/wp-json\/wp\/v2\/comments?post=454"}],"version-history":[{"count":1,"href":"http:\/\/gruene-lk-ks.de\/baunatal\/wp-json\/wp\/v2\/posts\/454\/revisions"}],"predecessor-version":[{"id":457,"href":"http:\/\/gruene-lk-ks.de\/baunatal\/wp-json\/wp\/v2\/posts\/454\/revisions\/457"}],"wp:featuredmedia":[{"embeddable":true,"href":"http:\/\/gruene-lk-ks.de\/baunatal\/wp-json\/wp\/v2\/media\/455"}],"wp:attachment":[{"href":"http:\/\/gruene-lk-ks.de\/baunatal\/wp-json\/wp\/v2\/media?parent=454"}],"wp:term":[{"taxonomy":"category","embeddable":true,"href":"http:\/\/gruene-lk-ks.de\/baunatal\/wp-json\/wp\/v2\/categories?post=454"},{"taxonomy":"post_tag","embeddable":true,"href":"http:\/\/gruene-lk-ks.de\/baunatal\/wp-json\/wp\/v2\/tags?post=454"}],"curies":[{"name":"wp","href":"https:\/\/api.w.org\/{rel}","templated":true}]}}