{"id":459,"date":"2016-02-07T18:49:38","date_gmt":"2016-02-07T16:49:38","guid":{"rendered":"http:\/\/gruene-lk-ks.de\/baunatal\/?p=459"},"modified":"2016-02-07T18:49:38","modified_gmt":"2016-02-07T16:49:38","slug":"gruene-baunatal-eroeffnen-strassenwahlkampf","status":"publish","type":"post","link":"http:\/\/gruene-lk-ks.de\/baunatal\/gruene-baunatal-eroeffnen-strassenwahlkampf\/","title":{"rendered":"GR\u00dcNE Baunatal er\u00f6ffnen Stra\u00dfenwahlkampf"},"content":{"rendered":"<p><b>GR\u00dcNE Baunatal er\u00f6ffnen Stra\u00dfenwahlkampf<\/b><\/p>\n<p>Am Samstag den 6. Februar 2016 f\u00fchrten die GR\u00dcNEN am ersten Wahlstand auf dem Wochenmarkt vor dem Herkules-Markt viele interessante Gespr\u00e4che mit Baunataler B\u00fcrgerinnen und B\u00fcrgern. Dabei wurden nicht nur lokale Themen wie die Ergebnisse vom \u201cAkteneinsichtsausschuss Kooperative Schulkindbetreuung Rengershausen\u201c diskutiert, sondern auch bundespolitische Themen wie die Bew\u00e4ltigung der Fl\u00fcchtlingsproblematik.<\/p>\n<p>Auch die Kleinen kamen nicht zu kurz, als sie die handgefertigten kreativen Luftballonfiguren von Ursula und Nadine Dittmar bekamen. Um 11:11 Uhr ging es dann zur Rathauserst\u00fcrmung, wo die GR\u00dcNE Stadtverordnete Ursula Dittmar-Loewe zusammen mit Vertretern der anderen beiden Fraktionen in den Narrenk\u00e4fig eingesperrt wurde. Das n\u00e4rrische Treiben wurde von vielen Schaulustigen rund um den M\u00e4rchenbrunnen neben dem Rathaus begleitet. Da die Karnevalisten der GCG in der \u00dcberzahl waren, hatte die Politik nat\u00fcrlich keine Wahl, als den Rathausschl\u00fcssel rauszugeben. Nun herrscht also die \u201cF\u00fcnfte Jahreszeit\u201c bis Aschermittwoch, wo die Narren regieren, getreu dem Motto: \u201cSchlimmer geht\u2019s nimmer!\u201c<\/p>\n<div id=\"attachment_461\" class=\"wp-caption aligncenter\" style=\"width: 783px\"><a class=\"fancybox\" rel=\"gallery459\" href=\"http:\/\/gruene-lk-ks.de\/baunatal\/files\/2016\/02\/2016_Wahlstand_2-6_Rathaussturm.jpg\" rel=\"attachment wp-att-461\"><img loading=\"lazy\" class=\"size-large wp-image-461\" src=\"http:\/\/gruene-lk-ks.de\/baunatal\/files\/2016\/02\/2016_Wahlstand_2-6_Rathaussturm-800x533.jpg\" alt=\"Ursula Dittmar-Loewe (2.v.l.) inmitten anderer Baunataler Stadtverordneter im K\u00e4fig\" width=\"783\" height=\"522\" srcset=\"http:\/\/gruene-lk-ks.de\/baunatal\/files\/2016\/02\/2016_Wahlstand_2-6_Rathaussturm-800x533.jpg 800w, http:\/\/gruene-lk-ks.de\/baunatal\/files\/2016\/02\/2016_Wahlstand_2-6_Rathaussturm-400x267.jpg 400w, http:\/\/gruene-lk-ks.de\/baunatal\/files\/2016\/02\/2016_Wahlstand_2-6_Rathaussturm-768x512.jpg 768w, http:\/\/gruene-lk-ks.de\/baunatal\/files\/2016\/02\/2016_Wahlstand_2-6_Rathaussturm-150x100.jpg 150w\" sizes=\"(max-width: 783px) 100vw, 783px\" \/><\/a><p class=\"wp-caption-text\">Ursula Dittmar-Loewe (2.v.l.) inmitten anderer Baunataler Stadtverordneter im K\u00e4fig<\/p><\/div>\n<p>Besuchen Sie uns auch an den n\u00e4chsten Wahlst\u00e4nden, am 13., 20. und 27. Februar sowie am 5. M\u00e4rz 2016 vor dem Herkules-Markt-Eingang, wenn es wieder hei\u00dft: \u201c<b>GR\u00dcNE bewegen Baunatal\u201c<\/b>.<\/p>\n<div id=\"attachment_460\" class=\"wp-caption aligncenter\" style=\"width: 783px\"><a class=\"fancybox\" rel=\"gallery459\" href=\"http:\/\/gruene-lk-ks.de\/baunatal\/files\/2016\/02\/2016_Wahlstand_2-6_1.jpg\" rel=\"attachment wp-att-460\"><img loading=\"lazy\" class=\"size-large wp-image-460\" src=\"http:\/\/gruene-lk-ks.de\/baunatal\/files\/2016\/02\/2016_Wahlstand_2-6_1-800x600.jpg\" alt=\"Bei den GR\u00dcNEN in guten H\u00e4nden. Junge M\u00fctter tauschen sich aus \u00fcber st\u00e4dtische Kinderbetreuung.\" width=\"783\" height=\"587\" srcset=\"http:\/\/gruene-lk-ks.de\/baunatal\/files\/2016\/02\/2016_Wahlstand_2-6_1-800x600.jpg 800w, http:\/\/gruene-lk-ks.de\/baunatal\/files\/2016\/02\/2016_Wahlstand_2-6_1-400x300.jpg 400w, http:\/\/gruene-lk-ks.de\/baunatal\/files\/2016\/02\/2016_Wahlstand_2-6_1-768x576.jpg 768w, http:\/\/gruene-lk-ks.de\/baunatal\/files\/2016\/02\/2016_Wahlstand_2-6_1-150x113.jpg 150w\" sizes=\"(max-width: 783px) 100vw, 783px\" \/><\/a><p class=\"wp-caption-text\">Bei den GR\u00dcNEN in guten H\u00e4nden. Junge M\u00fctter tauschen sich aus \u00fcber st\u00e4dtische Kinderbetreuung.<\/p><\/div>\n<p>Wir freuen uns auf einen erneuten Gedankenaustausch mit Ihnen. Schon jetzt bitten wir alle Baunataler W\u00e4hler*innen:<\/p>\n<p>\u201c<b>Machen Sie von Ihrem Wahlrecht am 6. M\u00e4rz 2016 Gebrauch. Denn nur wer w\u00e4hlt, kann \u00fcber die Zukunft unserer Stadt und unseres Landkreises mitbestimmen.\u201c<\/b><\/p>\n","protected":false},"excerpt":{"rendered":"<p>GR\u00dcNE Baunatal er\u00f6ffnen Stra\u00dfenwahlkampf Am Samstag den 6. Februar 2016 f\u00fchrten die GR\u00dcNEN am ersten Wahlstand auf dem Wochenmarkt vor dem Herkules-Markt viele interessante Gespr\u00e4che mit Baunataler B\u00fcrgerinnen und B\u00fcrgern&#8230;. <\/p>\n","protected":false},"author":6,"featured_media":0,"comment_status":"open","ping_status":"open","sticky":false,"template":"","format":"standard","meta":{"ngg_post_thumbnail":0},"categories":[1],"tags":[],"_links":{"self":[{"href":"http:\/\/gruene-lk-ks.de\/baunatal\/wp-json\/wp\/v2\/posts\/459"}],"collection":[{"href":"http:\/\/gruene-lk-ks.de\/baunatal\/wp-json\/wp\/v2\/posts"}],"about":[{"href":"http:\/\/gruene-lk-ks.de\/baunatal\/wp-json\/wp\/v2\/types\/post"}],"author":[{"embeddable":true,"href":"http:\/\/gruene-lk-ks.de\/baunatal\/wp-json\/wp\/v2\/users\/6"}],"replies":[{"embeddable":true,"href":"http:\/\/gruene-lk-ks.de\/baunatal\/wp-json\/wp\/v2\/comments?post=459"}],"version-history":[{"count":1,"href":"http:\/\/gruene-lk-ks.de\/baunatal\/wp-json\/wp\/v2\/posts\/459\/revisions"}],"predecessor-version":[{"id":462,"href":"http:\/\/gruene-lk-ks.de\/baunatal\/wp-json\/wp\/v2\/posts\/459\/revisions\/462"}],"wp:attachment":[{"href":"http:\/\/gruene-lk-ks.de\/baunatal\/wp-json\/wp\/v2\/media?parent=459"}],"wp:term":[{"taxonomy":"category","embeddable":true,"href":"http:\/\/gruene-lk-ks.de\/baunatal\/wp-json\/wp\/v2\/categories?post=459"},{"taxonomy":"post_tag","embeddable":true,"href":"http:\/\/gruene-lk-ks.de\/baunatal\/wp-json\/wp\/v2\/tags?post=459"}],"curies":[{"name":"wp","href":"https:\/\/api.w.org\/{rel}","templated":true}]}}