{"id":472,"date":"2016-02-21T22:44:14","date_gmt":"2016-02-21T20:44:14","guid":{"rendered":"http:\/\/gruene-lk-ks.de\/baunatal\/?p=472"},"modified":"2016-03-07T13:03:58","modified_gmt":"2016-03-07T11:03:58","slug":"time-to-say-goodbye","status":"publish","type":"post","link":"http:\/\/gruene-lk-ks.de\/baunatal\/time-to-say-goodbye\/","title":{"rendered":"Time to Say Goodbye"},"content":{"rendered":"<div class=\"page\" title=\"Page 1\">\n<div class=\"layoutArea\">\n<div class=\"column\">\n<p>Time to Say Goodbye<\/p>\n<p>Der Gr\u00fcne Kommunalpolitiker Norbert Kraft verabschiedet sich aus der aktiven Politik Baunatal, der 16.02.2016<\/p>\n<p>In der heutigen Magistratssitzung verabschiedete sich der Baunataler Stadtrat Norbert Kraft (B\u00fcndnis90\/Die Gr\u00fcnen) aus der aktiven Politik. Kraft, k\u00fcndigte an, in der n\u00e4chsten Legislaturperiode nicht mehr f\u00fcr den Magistrat kandidieren zu wollen. Damit zieht sich das letzte Gr\u00fcndungsmitglied der Baunataler Gr\u00fcnen nach \u00fcber 30 Jahren aus der aktiven Kommunalpolitik zur\u00fcck.<\/p>\n<p>\u201eGr\u00fcn ist gut \u2013 f\u00fcr Baunatal\u201c, geleitet von diesem Motto und seinem Glauben an eine politische Alternative engagierte sich der geb\u00fcrtige Nordhesse Kraft seit Anfang der 80er Jahre von Gro\u00dfenritte aus f\u00fcr Umweltbelange, Frieden und gegen Atomkraft. \u201eWir wollten etwas in unserer Gesellschaft ver\u00e4ndern\u201c, schildert Kraft die Intention hinter der Gr\u00fcndung der \u00d6kopartei \u201eund mir und einigen Gleichgesinnten war Anfang der 80er Jahre klar, dass wir eine Ver\u00e4nderung nur dann erreichen k\u00f6nnen, wenn wir uns jenseits der etablierten politischen Parteien engagieren.\u201c<\/p>\n<div id=\"attachment_473\" class=\"wp-caption alignleft\" style=\"width: 150px\"><a class=\"fancybox\" rel=\"gallery472\" href=\"http:\/\/gruene-lk-ks.de\/baunatal\/files\/2016\/02\/GR\u00dcNE_2010_Norbert-005-Kopie.jpg\" rel=\"attachment wp-att-473\"><img loading=\"lazy\" class=\"wp-image-473 size-thumbnail\" src=\"http:\/\/gruene-lk-ks.de\/baunatal\/files\/2016\/02\/GR\u00dcNE_2010_Norbert-005-Kopie-150x150.jpg\" alt=\"Norbert Kraft\" width=\"150\" height=\"150\" \/><\/a><p class=\"wp-caption-text\">Norbert Kraft<\/p><\/div>\n<p>Anfangs von vielen im Dorf als \u201e\u00d6ko\u201c bel\u00e4chelt, erarbeitete sich Kraft im Lauf der Jahre Anerkennung f\u00fcr seine Arbeit. Es gelang ihm, Gr\u00fcne Positionen in die Baunataler Kommunalpolitik einzubringen. \u201eManche Idee, die wir als Opposition in das Parlament eingebracht haben, wurde einige Jahre sp\u00e4ter von der regierenden Mehrheit wieder aufgegriffen und umgesetzt.\u201c Kraft kann damit leben, denn ob da nun sein Name, der der Gr\u00fcnen oder von wem auch immer drauf st\u00e4nde sei nicht so wichtig: \u201eentscheidend ist, was am Ende dabei herauskommt.\u201c Und herausgekommen sei einiges: \u201eHeute gibt es kein Langenbergrennen mehr, die Abgaswerte der Alu\/Magnesiumschmelze des VW-Werkes entsprechen den gesetzlichen Bestimmungen, Solarenergie wird selbstverst\u00e4ndlich von vielen B\u00fcrgern genutzt.Die Stadt pflanzt- und dar\u00fcber freut sich Kraft besonders &#8211; f\u00fcr jeden Neub\u00fcrger einen Geburtsbaum.<\/p>\n<p>Und trotzdem, manchmal habe er sich wie Don Quichotte im Kampf gegen die \u00fcbergro\u00dfen Windm\u00fchlenfl\u00fcgel der absoluten Mehrheit der Baunataler SPD und der Interessen der Automobilindustrie gef\u00fchlt. Der Streit um die Verl\u00e4ngerung der Wasserrechte f\u00fcr das VW-Werk, das Anrennen gegen festgelegte Priorit\u00e4ten in der Baunataler Haushaltspolitik und immer wieder die ungeh\u00f6rten Mahnrufe gegen\u00fcber einem z\u00fcgellosen Fl\u00e4chenverbrauch des VW-Werks hinterlie\u00dfen auch beim Gr\u00fcndungsvater der Baunataler Gr\u00fcnen ihre Spuren.Seine Bilanz bleibt aber trotz allem positiv:<\/p>\n<p>\u201cViele Jahre demonstrierten wir gegen Atomkraftwerke, heute, im Jahr 30 nach Tschernobyl, verl\u00e4sst Deutschland die Atomkraft.\u201c Solche Beispiele zeigen f\u00fcr Kraft, wie stark sich Politik und Gesellschaft, auch in Baunatal, seit den 80iger Jahren ver\u00e4ndert haben. \u201eGr\u00fcn wirkt und heute kann keine Partei mehr ohne die \u00f6kologische Komponente Politik machen, nicht einmal die Baunataler SPD\u201c so das Res\u00fcmee des Gr\u00fcnen der ersten Stunde.<\/p>\n<p>In den letzten 5 Jahren war Kraft Magistratsmitglied, vorher Jahre Stadtverordneter, Fraktionsvorsitzender und Magistratsmitglied.<br \/>\n2012 wurde er f\u00fcr seine 30j\u00e4hrige Mitgliedschaft in den Gr\u00fcnen als einer der Gr\u00fcnderv\u00e4ter der Partei geehrt.<br \/>\nDer gelernte Dreher und pensionierte Berufsschullehrer verabschiedet sich aus der aktiven Kommunalpolitik, bleibt aber weiter gesellschaftspolitisch und ehrenamtlich aktiv.<\/p>\n<\/div>\n<\/div>\n<\/div>\n","protected":false},"excerpt":{"rendered":"<p>Time to Say Goodbye Der Gr\u00fcne Kommunalpolitiker Norbert Kraft verabschiedet sich aus der aktiven Politik Baunatal, der 16.02.2016 In der heutigen Magistratssitzung verabschiedete sich der Baunataler Stadtrat Norbert Kraft (B\u00fcndnis90\/Die&#8230; <\/p>\n","protected":false},"author":6,"featured_media":473,"comment_status":"open","ping_status":"open","sticky":false,"template":"","format":"standard","meta":{"ngg_post_thumbnail":0},"categories":[1],"tags":[],"_links":{"self":[{"href":"http:\/\/gruene-lk-ks.de\/baunatal\/wp-json\/wp\/v2\/posts\/472"}],"collection":[{"href":"http:\/\/gruene-lk-ks.de\/baunatal\/wp-json\/wp\/v2\/posts"}],"about":[{"href":"http:\/\/gruene-lk-ks.de\/baunatal\/wp-json\/wp\/v2\/types\/post"}],"author":[{"embeddable":true,"href":"http:\/\/gruene-lk-ks.de\/baunatal\/wp-json\/wp\/v2\/users\/6"}],"replies":[{"embeddable":true,"href":"http:\/\/gruene-lk-ks.de\/baunatal\/wp-json\/wp\/v2\/comments?post=472"}],"version-history":[{"count":3,"href":"http:\/\/gruene-lk-ks.de\/baunatal\/wp-json\/wp\/v2\/posts\/472\/revisions"}],"predecessor-version":[{"id":477,"href":"http:\/\/gruene-lk-ks.de\/baunatal\/wp-json\/wp\/v2\/posts\/472\/revisions\/477"}],"wp:featuredmedia":[{"embeddable":true,"href":"http:\/\/gruene-lk-ks.de\/baunatal\/wp-json\/wp\/v2\/media\/473"}],"wp:attachment":[{"href":"http:\/\/gruene-lk-ks.de\/baunatal\/wp-json\/wp\/v2\/media?parent=472"}],"wp:term":[{"taxonomy":"category","embeddable":true,"href":"http:\/\/gruene-lk-ks.de\/baunatal\/wp-json\/wp\/v2\/categories?post=472"},{"taxonomy":"post_tag","embeddable":true,"href":"http:\/\/gruene-lk-ks.de\/baunatal\/wp-json\/wp\/v2\/tags?post=472"}],"curies":[{"name":"wp","href":"https:\/\/api.w.org\/{rel}","templated":true}]}}