{"id":498,"date":"2016-03-23T21:04:37","date_gmt":"2016-03-23T19:04:37","guid":{"rendered":"http:\/\/gruene-lk-ks.de\/baunatal\/?p=498"},"modified":"2016-12-12T21:05:11","modified_gmt":"2016-12-12T19:05:11","slug":"gruene-diskutieren-wahlergebnis-auf-der-kmv-in-kaufungen-2","status":"publish","type":"post","link":"http:\/\/gruene-lk-ks.de\/baunatal\/gruene-diskutieren-wahlergebnis-auf-der-kmv-in-kaufungen-2\/","title":{"rendered":"Gr\u00fcne diskutieren Wahlergebnis auf der KMV in Kaufungen"},"content":{"rendered":"<p style=\"text-align: right\"><b>Kreisgesch\u00e4ftsstelle<\/b><\/p>\n<p style=\"text-align: right\"><b>Kassel- Land<\/b><\/p>\n<p style=\"text-align: right\">Samuel-Beckett-Anlage 6<\/p>\n<p style=\"text-align: right\">34119 Kassel<\/p>\n<p style=\"text-align: right\">Tel.: 0561\/1 88 22<\/p>\n<p style=\"text-align: right\">Fax: 0561\/ 7 39 13 36<\/p>\n<p style=\"text-align: right\"><a href=\"mailto:info@gruene-landkreis-kassel.de\">info@gruene-landkreis-kassel.de<\/a><\/p>\n<p style=\"text-align: right\">B\u201890\/ DIE GR\u00dcNEN\u2022KV Kassel-Land \u2022 Samuel-Beckett-Anlage 6 \u2022 34119 Kassel<\/p>\n<p style=\"text-align: right\">Kassel, den 23.03.2016<\/p>\n<p>Pressemitteilung<\/p>\n<p style=\"text-align: justify\"><b>Gr\u00fcne diskutieren Wahlergebnis auf der KMV in Kaufungen<\/b><\/p>\n<p>Trotz einiger Verluste bei der Kreistagswahl\u00a0 in manchen St\u00e4dten und Gemeinden sehen die GR\u00dcNEN im Landkreis Kassel der kommenden Legislatur positiv entgegen und geben sich k\u00e4mpferisch. \u201eUnsere Urthemen wie\u00a0 der Umweltschutz, Kinder- und Jugendpolitik, Erneuerbare Energien und ein starker \u00d6PNV sind nach wie vor aktuell. Auf diese werden wir uns auch weiterhin konzentrieren\u201c, so Edmund Borschel, Stellvertretender Fraktionsvorsitzender der GR\u00dcNEN im Kreistag. Schwerpunktthema der Kreismitgliederversammlung war die Wahlanalyse. Bemerkenswert waren st\u00e4rkere Verluste von 5 bis 10 % in den GR\u00dcNEN Hochburgen wie Ahnatal, Calden, Kaufungen und Bad Emstal, wo bundes- und landespolitische Themen die Wahl wohl stark beeinflussten, sowie die Fl\u00fcchtlingspolitik. Dagegen gab es nur kleinere <b>Verluste von etwa 3 % in Baunatal, <\/b>Vellmar, Niestetal und Wolfhagen.<\/p>\n<p>Die recht unterschiedlichen Wahlergebnisse in den einzelnen Orten sind sicherlich z.T. auf brisante Sachthemen, wie die Ansiedlung einer weiteren\u00a0 Schweinemastanlage in Baunatal, nachhaltige und inhaltlich substantielle Gemeindepolitik, wie Befreiung von Kindergartengeb\u00fchren und b\u00fcrgernahe Informationspolitik mit Ortsterminen. Eine Besonderheit gab es in Lohfelden, wo die GR\u00dcNEN mit Olaf K\u00f6hne einen \u00fcberparteilichen B\u00fcrgermeisterkandidaten stellten, der auch bei der Gemeindewahl den Stimmenanteil f\u00fcr die GR\u00dcNE Liste gegen\u00fcber 2011 fast halten konnte.<\/p>\n<p>\u201eIm neuen Kreistag sind die GR\u00dcNEN Baunatal mit drei Abgeordneten in der Fraktionsspitze vertreten (Monika Wqoizeschke-Br\u00fcck, Dr. Thomas Gudehus, Edmund Borschel) und werden mit Schwung und gro\u00dfem Engagement die neue Wahlperiode angehen, nat\u00fcrlich nicht nur im Sinne der Baunataler B\u00fcrger*innen, sondern zum Wohl aller Kreisbewohner*innen,\u201c verspricht Edmund Borschel.<\/p>\n","protected":false},"excerpt":{"rendered":"<p>Kreisgesch\u00e4ftsstelle Kassel- Land Samuel-Beckett-Anlage 6 34119 Kassel Tel.: 0561\/1 88 22 Fax: 0561\/ 7 39 13 36 info@gruene-landkreis-kassel.de B\u201890\/ DIE GR\u00dcNEN\u2022KV Kassel-Land \u2022 Samuel-Beckett-Anlage 6 \u2022 34119 Kassel Kassel, den&#8230; <\/p>\n","protected":false},"author":6,"featured_media":499,"comment_status":"open","ping_status":"open","sticky":false,"template":"","format":"standard","meta":{"ngg_post_thumbnail":0},"categories":[1],"tags":[],"_links":{"self":[{"href":"http:\/\/gruene-lk-ks.de\/baunatal\/wp-json\/wp\/v2\/posts\/498"}],"collection":[{"href":"http:\/\/gruene-lk-ks.de\/baunatal\/wp-json\/wp\/v2\/posts"}],"about":[{"href":"http:\/\/gruene-lk-ks.de\/baunatal\/wp-json\/wp\/v2\/types\/post"}],"author":[{"embeddable":true,"href":"http:\/\/gruene-lk-ks.de\/baunatal\/wp-json\/wp\/v2\/users\/6"}],"replies":[{"embeddable":true,"href":"http:\/\/gruene-lk-ks.de\/baunatal\/wp-json\/wp\/v2\/comments?post=498"}],"version-history":[{"count":1,"href":"http:\/\/gruene-lk-ks.de\/baunatal\/wp-json\/wp\/v2\/posts\/498\/revisions"}],"predecessor-version":[{"id":720,"href":"http:\/\/gruene-lk-ks.de\/baunatal\/wp-json\/wp\/v2\/posts\/498\/revisions\/720"}],"wp:featuredmedia":[{"embeddable":true,"href":"http:\/\/gruene-lk-ks.de\/baunatal\/wp-json\/wp\/v2\/media\/499"}],"wp:attachment":[{"href":"http:\/\/gruene-lk-ks.de\/baunatal\/wp-json\/wp\/v2\/media?parent=498"}],"wp:term":[{"taxonomy":"category","embeddable":true,"href":"http:\/\/gruene-lk-ks.de\/baunatal\/wp-json\/wp\/v2\/categories?post=498"},{"taxonomy":"post_tag","embeddable":true,"href":"http:\/\/gruene-lk-ks.de\/baunatal\/wp-json\/wp\/v2\/tags?post=498"}],"curies":[{"name":"wp","href":"https:\/\/api.w.org\/{rel}","templated":true}]}}