{"id":503,"date":"2016-03-29T20:27:12","date_gmt":"2016-03-29T18:27:12","guid":{"rendered":"http:\/\/gruene-lk-ks.de\/baunatal\/?p=503"},"modified":"2016-03-29T20:27:12","modified_gmt":"2016-03-29T18:27:12","slug":"pressemitteilung","status":"publish","type":"post","link":"http:\/\/gruene-lk-ks.de\/baunatal\/pressemitteilung\/","title":{"rendered":"Pressemitteilung"},"content":{"rendered":"<p style=\"text-align: right\">28.3.2016<\/p>\n<p><b>B\u00fcndnis 90 \/ Die GR\u00dcNEN<\/b><\/p>\n<p><b>Pressemitteilung<\/b><\/p>\n<p>Nach der Kommunalwahl vom 6.3.2016 traf sich die\u00a0 GR\u00dcNEN \u2013 Fraktion zu ihrer konstituierenden Sitzung im Vereinshaus Altenritte.\u00a0 Nach einem Wahlergebnis von 10,5 %, dem zweitbesten GR\u00dcNEN Baunataler Kommunalwahlergebnis, besteht die Fraktion aus\u00a0 5 Stadtverordneten. Der bisherige Fraktionsvorsitzende Edmund Borschel wurde in seinem Amt best\u00e4tigt. Als neuer Stellvertreter fungiert Lothar Rost. F\u00fcr die Wahl in den Magistrat nominieren die GR\u00dcNEN den bisherigen Stadtverordneten J\u00fcrgen B\u00f6hme.<\/p>\n<p>Der Fraktionsvorsitzende konnte als neues Mitglied Dr. Kamela Mohtezebsade begr\u00fc\u00dfen, die zusammen mit Stefanie Braun die GR\u00dcNEN im Sozialausschuss vertreten wird. Ebenso neu in der Fraktion ist Florian Pfeiffer, der als Fraktionsassistent und erster Nachr\u00fccker mitarbeiten wird.<\/p>\n<p>Mitglied im Haupt- und Finanzausschuss wird Edmund Borschel sein und im Bau- und Umweltausschuss Lothar Rost, der auch neu die GR\u00dcNEN Farben in der Betriebskommission vertritt. Edmund Borschel, als bisheriges Mitglied,\u00a0 wird stattdessen mehr Zeit f\u00fcr seine kommunalpolitische T\u00e4tigkeit im neugew\u00e4hlten Kreistag einsetzen.<\/p>\n<p>Wie bereits im Wahlkampf angek\u00fcndigt, wollen wir GR\u00dcNEN in den n\u00e4chsten f\u00fcnf Jahren in BAUNATAL auch als kleine Fraktion m\u00f6glichst viele Inhalte aus unserem Wahlprogramm umsetzen, b\u00fcrgernah und\u00a0 zum Wohle unserer B\u00fcrger und der Umwelt in unserer Stadt. Denn nicht Quantit\u00e4t sondern Qualit\u00e4t bestimmt die inhaltliche Arbeit in parlamentarischen Gremien.<\/p>\n<div id=\"attachment_504\" class=\"wp-caption alignright\" style=\"width: 783px\"><a class=\"fancybox\" rel=\"gallery503\" href=\"http:\/\/gruene-lk-ks.de\/baunatal\/files\/2016\/03\/2016_Wahlstand2_02-13.jpg\" rel=\"attachment wp-att-504\"><img loading=\"lazy\" class=\"wp-image-504 size-large\" src=\"http:\/\/gruene-lk-ks.de\/baunatal\/files\/2016\/03\/2016_Wahlstand2_02-13-800x533.jpg\" alt=\"Gut gelaunt am Wahlstand\" width=\"783\" height=\"522\" srcset=\"http:\/\/gruene-lk-ks.de\/baunatal\/files\/2016\/03\/2016_Wahlstand2_02-13-800x533.jpg 800w, http:\/\/gruene-lk-ks.de\/baunatal\/files\/2016\/03\/2016_Wahlstand2_02-13-400x267.jpg 400w, http:\/\/gruene-lk-ks.de\/baunatal\/files\/2016\/03\/2016_Wahlstand2_02-13-768x512.jpg 768w, http:\/\/gruene-lk-ks.de\/baunatal\/files\/2016\/03\/2016_Wahlstand2_02-13-150x100.jpg 150w\" sizes=\"(max-width: 783px) 100vw, 783px\" \/><\/a><p class=\"wp-caption-text\">Gut gelaunt am Wahlstand<\/p><\/div>\n<p>Die SPD hat in der BN vom 23.03.2016 mitgeteilt, dass sie auf die anderen Fraktionen zugehen will und eine gute Zusammenarbeit anbietet. Erste Anzeichen findet man in dem Angebot, dass diesmal alle Fraktionen bei den Stellvertretenden Stadtverordnetenvorstehern ber\u00fccksichtigt werden sollen, was den GR\u00dcNEN in der vergangenen Legislatur verwehrt wurde. Hier soll die langj\u00e4hrige GR\u00dcNE Stadtverordnete Juliane Kothe aus Guntershausen nominiert werden, die dort bei dieser Wahl ein grandioses Wahlergebnis von knapp 25% f\u00fcr die GR\u00dcNEN eingefahren hat.<\/p>\n<p>Wir GR\u00dcNE nehmen das Angebot der SPD-Mehrheitsfraktion gern an und hoffen auch auf eine offenere und transparente inhaltliche Diskussion bei unseren Antr\u00e4gen.<\/p>\n<p>Wir w\u00fcnschen uns zum Beispiel eine gr\u00f6\u00dfere Kraftanstrengung bei der Umsetzung der Energiewende und zum Klimaschutz in Baunatal.<\/p>\n","protected":false},"excerpt":{"rendered":"<p>28.3.2016 B\u00fcndnis 90 \/ Die GR\u00dcNEN Pressemitteilung Nach der Kommunalwahl vom 6.3.2016 traf sich die\u00a0 GR\u00dcNEN \u2013 Fraktion zu ihrer konstituierenden Sitzung im Vereinshaus Altenritte.\u00a0 Nach einem Wahlergebnis von 10,5&#8230; <\/p>\n","protected":false},"author":6,"featured_media":0,"comment_status":"open","ping_status":"open","sticky":false,"template":"","format":"standard","meta":{"ngg_post_thumbnail":0},"categories":[1],"tags":[],"_links":{"self":[{"href":"http:\/\/gruene-lk-ks.de\/baunatal\/wp-json\/wp\/v2\/posts\/503"}],"collection":[{"href":"http:\/\/gruene-lk-ks.de\/baunatal\/wp-json\/wp\/v2\/posts"}],"about":[{"href":"http:\/\/gruene-lk-ks.de\/baunatal\/wp-json\/wp\/v2\/types\/post"}],"author":[{"embeddable":true,"href":"http:\/\/gruene-lk-ks.de\/baunatal\/wp-json\/wp\/v2\/users\/6"}],"replies":[{"embeddable":true,"href":"http:\/\/gruene-lk-ks.de\/baunatal\/wp-json\/wp\/v2\/comments?post=503"}],"version-history":[{"count":2,"href":"http:\/\/gruene-lk-ks.de\/baunatal\/wp-json\/wp\/v2\/posts\/503\/revisions"}],"predecessor-version":[{"id":506,"href":"http:\/\/gruene-lk-ks.de\/baunatal\/wp-json\/wp\/v2\/posts\/503\/revisions\/506"}],"wp:attachment":[{"href":"http:\/\/gruene-lk-ks.de\/baunatal\/wp-json\/wp\/v2\/media?parent=503"}],"wp:term":[{"taxonomy":"category","embeddable":true,"href":"http:\/\/gruene-lk-ks.de\/baunatal\/wp-json\/wp\/v2\/categories?post=503"},{"taxonomy":"post_tag","embeddable":true,"href":"http:\/\/gruene-lk-ks.de\/baunatal\/wp-json\/wp\/v2\/tags?post=503"}],"curies":[{"name":"wp","href":"https:\/\/api.w.org\/{rel}","templated":true}]}}