{"id":508,"date":"2016-04-10T20:20:21","date_gmt":"2016-04-10T18:20:21","guid":{"rendered":"http:\/\/gruene-lk-ks.de\/baunatal\/?p=508"},"modified":"2016-04-12T12:53:13","modified_gmt":"2016-04-12T10:53:13","slug":"gruene-baunatal-waehlen-neuen-vorstand","status":"publish","type":"post","link":"http:\/\/gruene-lk-ks.de\/baunatal\/gruene-baunatal-waehlen-neuen-vorstand\/","title":{"rendered":"GR\u00dcNE Baunatal w\u00e4hlen neuen Vorstand"},"content":{"rendered":"<p>B\u00fcndnis 90 \/ Die GR\u00dcNEN Baunatal<\/p>\n<p style=\"text-align: right\">08.04.2016<\/p>\n<p style=\"text-align: left\">Pressemitteilung<\/p>\n<p style=\"text-align: left\"><strong>GR\u00dcNE Baunatal w\u00e4hlen neuen Vorstand<\/strong><\/p>\n<p style=\"text-align: left\">Nach der Kommunalwahl w\u00e4hlten die GR\u00dcNEN Baunatal auf ihrer Jahreshauptversammlung am 24.03.2016 im Bistro der KSV \u2013 Sportwelt ihren neuen Vorstand.<\/p>\n<p>Als gleichberechtigte Vorstandssprecher wurden Juliane Kothe und Lothar Rost gew\u00e4hlt.<br \/>\nZu Beisitzern wurde der bisherige Vorstandssprecher Edmund Borschel bestimmt, sowie Dzemila Dorschner und Dr. Kamela Mothezebsade best\u00e4tigt. Neuer Kassierer ist J\u00fcrgen B\u00f6hme und neuer Schriftf\u00fchrer Florian Pfeiffer, der auch weiterhin die GR\u00dcNE Homepage mit viel Engagement pflegen wird.<\/p>\n<div id=\"attachment_510\" class=\"wp-caption alignright\" style=\"width: 400px\"><a class=\"fancybox\" rel=\"gallery508\" href=\"http:\/\/gruene-lk-ks.de\/baunatal\/files\/2016\/04\/IMG_0614.jpg\" rel=\"attachment wp-att-510\"><img loading=\"lazy\" class=\"size-medium wp-image-510\" src=\"http:\/\/gruene-lk-ks.de\/baunatal\/files\/2016\/04\/IMG_0614-400x267.jpg\" alt=\"Der neue Vorstand: Lothar Rost, J\u00fcrgen B\u00f6hme, Juliane Kothe, Kamela Mohtezebsade, Edmund Borschel und Florian Pfeiffer (v.l.)\" width=\"400\" height=\"267\" srcset=\"http:\/\/gruene-lk-ks.de\/baunatal\/files\/2016\/04\/IMG_0614-400x267.jpg 400w, http:\/\/gruene-lk-ks.de\/baunatal\/files\/2016\/04\/IMG_0614-768x512.jpg 768w, http:\/\/gruene-lk-ks.de\/baunatal\/files\/2016\/04\/IMG_0614-800x533.jpg 800w, http:\/\/gruene-lk-ks.de\/baunatal\/files\/2016\/04\/IMG_0614-150x100.jpg 150w\" sizes=\"(max-width: 400px) 100vw, 400px\" \/><\/a><p class=\"wp-caption-text\">Der neue Vorstand: Lothar Rost, J\u00fcrgen B\u00f6hme, Juliane Kothe, Kamela Mohtezebsade, Edmund Borschel und Florian Pfeiffer (v.l.)<\/p><\/div>\n<p>Vom bisherigen Vorstandssprecher wurde Ursula Dittmar-L\u00f6we f\u00fcr ihre professionelle Mitarbeit in der GR\u00dcNEN Stadtverordnetenfraktion in den vergangenen zwei Jahren gew\u00fcrdigt und mit einer Vielfalt gr\u00fcner Pflanzen bedacht. Edmund Borschel bedauerte dabei ausdr\u00fccklich, dass Ursula k\u00fcnftig nicht mehr politisch aktiv werden m\u00f6chte, freute sich aber \u00fcber ihre Bereitschaft, weiterhin die GR\u00dcNEN bei besonderen Aktivit\u00e4ten zu unterst\u00fctzen.<\/p>\n<p>F\u00fcr langj\u00e4hrige GR\u00dcNE Parteiarbeit in verschiedenen Gremien wurde Norbert Kraft ausgezeichnet, zuletzt aktiv als Magistratsmitglied und Mitglied im Zweckverband Raum Kassel in den vergangenen 5 Jahren. J\u00fcrgen B\u00f6hme dankte Norbert in seiner Laudatio f\u00fcr seine GR\u00dcNE kommunalpolitische Arbeit in den letzten 30 Jahren, die er immer mit Herzblut get\u00e4tigt hat. Norbert verwies in seiner Dankesrede u.a. auf eine seiner Anregungen in der Stavo: das Pflanzen von Geburtsb\u00e4umen f\u00fcr jedes Neugeborene, welches sich bis heute gro\u00dfer Beliebtheit erfreut.<\/p>\n<div id=\"attachment_509\" class=\"wp-caption alignright\" style=\"width: 400px\"><a class=\"fancybox\" rel=\"gallery508\" href=\"http:\/\/gruene-lk-ks.de\/baunatal\/files\/2016\/04\/IMG_0608.jpg\" rel=\"attachment wp-att-509\"><img loading=\"lazy\" class=\"wp-image-509 size-medium\" src=\"http:\/\/gruene-lk-ks.de\/baunatal\/files\/2016\/04\/IMG_0608-400x267.jpg\" alt=\"IMG_0608\" width=\"400\" height=\"267\" srcset=\"http:\/\/gruene-lk-ks.de\/baunatal\/files\/2016\/04\/IMG_0608-400x267.jpg 400w, http:\/\/gruene-lk-ks.de\/baunatal\/files\/2016\/04\/IMG_0608-768x512.jpg 768w, http:\/\/gruene-lk-ks.de\/baunatal\/files\/2016\/04\/IMG_0608-800x533.jpg 800w, http:\/\/gruene-lk-ks.de\/baunatal\/files\/2016\/04\/IMG_0608-150x100.jpg 150w\" sizes=\"(max-width: 400px) 100vw, 400px\" \/><\/a><p class=\"wp-caption-text\">Juliane Kothe, Lothar Rost danken den beiden Ausgeschiedenen Ursula Dittmar-L\u00f6we und Norbert Kraft (v.l.) f\u00fcr ihre Verdienste<\/p><\/div>\n<p>Als passioniertem G\u00e4rtner wurde von den GR\u00dcNEN Norbert ein Zitronenbaum \u00fcberreicht, der sicherlich einen w\u00fcrdigen Platz in seinem Garten in Gro\u00dfenritte finden wird.<\/p>\n<p>Die neuen Vorstandssprecher legten zum Abschluss der Versammlung eine Liste von geplanten Aktivit\u00e4ten vor, die im Jahr 2016 geplant sind.<br \/>\nBrotbacken an der Wasserm\u00fchle in Guntershausen, Teilnahme am Festzug im Juli 2016 zum Stadtjubil\u00e4um und eine Radwanderung durchs Baunatal mit interessierten B\u00fcrger*innen sind dabei nur einige Beispiele.<\/p>\n<p>&nbsp;<\/p>\n","protected":false},"excerpt":{"rendered":"<p>B\u00fcndnis 90 \/ Die GR\u00dcNEN Baunatal 08.04.2016 Pressemitteilung GR\u00dcNE Baunatal w\u00e4hlen neuen Vorstand Nach der Kommunalwahl w\u00e4hlten die GR\u00dcNEN Baunatal auf ihrer Jahreshauptversammlung am 24.03.2016 im Bistro der KSV \u2013&#8230; <\/p>\n","protected":false},"author":6,"featured_media":509,"comment_status":"open","ping_status":"open","sticky":false,"template":"","format":"standard","meta":{"ngg_post_thumbnail":0},"categories":[1],"tags":[],"_links":{"self":[{"href":"http:\/\/gruene-lk-ks.de\/baunatal\/wp-json\/wp\/v2\/posts\/508"}],"collection":[{"href":"http:\/\/gruene-lk-ks.de\/baunatal\/wp-json\/wp\/v2\/posts"}],"about":[{"href":"http:\/\/gruene-lk-ks.de\/baunatal\/wp-json\/wp\/v2\/types\/post"}],"author":[{"embeddable":true,"href":"http:\/\/gruene-lk-ks.de\/baunatal\/wp-json\/wp\/v2\/users\/6"}],"replies":[{"embeddable":true,"href":"http:\/\/gruene-lk-ks.de\/baunatal\/wp-json\/wp\/v2\/comments?post=508"}],"version-history":[{"count":3,"href":"http:\/\/gruene-lk-ks.de\/baunatal\/wp-json\/wp\/v2\/posts\/508\/revisions"}],"predecessor-version":[{"id":513,"href":"http:\/\/gruene-lk-ks.de\/baunatal\/wp-json\/wp\/v2\/posts\/508\/revisions\/513"}],"wp:featuredmedia":[{"embeddable":true,"href":"http:\/\/gruene-lk-ks.de\/baunatal\/wp-json\/wp\/v2\/media\/509"}],"wp:attachment":[{"href":"http:\/\/gruene-lk-ks.de\/baunatal\/wp-json\/wp\/v2\/media?parent=508"}],"wp:term":[{"taxonomy":"category","embeddable":true,"href":"http:\/\/gruene-lk-ks.de\/baunatal\/wp-json\/wp\/v2\/categories?post=508"},{"taxonomy":"post_tag","embeddable":true,"href":"http:\/\/gruene-lk-ks.de\/baunatal\/wp-json\/wp\/v2\/tags?post=508"}],"curies":[{"name":"wp","href":"https:\/\/api.w.org\/{rel}","templated":true}]}}