{"id":515,"date":"2016-04-26T12:55:29","date_gmt":"2016-04-26T10:55:29","guid":{"rendered":"http:\/\/gruene-lk-ks.de\/baunatal\/?p=515"},"modified":"2016-04-26T12:55:44","modified_gmt":"2016-04-26T10:55:44","slug":"gruene-begruessen-neues-fraktionsmitglied","status":"publish","type":"post","link":"http:\/\/gruene-lk-ks.de\/baunatal\/gruene-begruessen-neues-fraktionsmitglied\/","title":{"rendered":"GR\u00dcNE begr\u00fc\u00dfen neues Fraktionsmitglied"},"content":{"rendered":"<p style=\"text-align: right\">24.4.2016<\/p>\n<p><b>B\u00fcndnis 90 \/ Die GR\u00dcNEN<\/b><\/p>\n<p><b>GR\u00dcNE begr\u00fc\u00dfen neues Fraktionsmitglied<\/b><\/p>\n<p>Die\u00a0 GR\u00dcNEN \u2013 Fraktion konnte in der konstituierenden Sitzung der Stadtverordnetenversammlung gute Ergebnisse erzielen.\u00a0 Nach einem Wahlergebnis von 10,5 %, dem zweitbesten GR\u00dcNEN Baunataler Kommunalwahlergebnis, bestand die Fraktion urspr\u00fcnglich aus\u00a0 5 Stadtverordneten. Anschlie\u00dfende Gespr\u00e4che zwischen dem neugew\u00e4hlten aber\u00a0 fraktionslosen Stadtverordneten Henry Richter und dem Fraktionsvorsitzenden Edmund Borschel und sp\u00e4ter der gesamten Fraktion ergaben, dass\u00a0 sich Henry der GR\u00dcNEN Fraktion als Parteiloser anschlie\u00dft, so dass die GR\u00dcNEN in alter Fraktionsst\u00e4rke wieder mit 6 Abgeordneten im Ortsparlament vertreten sind. Wir freuen uns auf eine offene und vertrauensvolle Zusammenarbeit mit ihm zum Wohle der B\u00fcrger*Innen unserer Stadt.<\/p>\n<p><b>Erfolge bei Wahlen im Stadtparlament<\/b><\/p>\n<p>Da die FDP als kleinere Fraktion in einigen Gremien der Stadt sowie gemeinsamen Verb\u00e4nden mit Schauenburg und Ederm\u00fcnde nicht vertreten gewesen w\u00e4re, entschieden sich FDP und GR\u00dcNE gemeinsame Listen bei den Stavo-Wahlen einzureichen.<\/p>\n<p>So wurden erstmalig GR\u00dcNE als Vertreter der Stadt Baunatal in den Zweckverband Raum Kassel, den Verwaltungsausschuss des Jugendbildungswerks und nach Losverfahren in die Verbandsversammlung Hochwasserschutz\u00a0 Baunatal-Schauenburg gew\u00e4hlt.\u00a0 In den ersten beiden Gremien wurden gleichzeitig Stellvertreter der FDP gew\u00e4hlt.<\/p>\n<p>Umweltausschussmitglied Lothar Rost vertritt nunmehr die GR\u00dcNEN Farben auch in der Betriebskommission, mit Matthias Berghaus (FDP) als Stellvertreter.<\/p>\n<p>Zum neuen GR\u00dcNEN Stadtrat wurde der bisherige Stadtverordnete J\u00fcrgen B\u00f6hme gew\u00e4hlt.<\/p>\n<p>Die einvernehmlich getroffene\u00a0 Vereinbarung im \u00c4ltestenrat, diesmal alle Fraktionen bei den Stellvertretenden Stadtverordnetenvorstehern zu ber\u00fccksichtigen, wurde allerdings nur bedingt umgesetzt. Die langj\u00e4hrige GR\u00dcNE Stadtverordnete Juliane Kothe aus Guntershausen wurde mit dem denkbar knappsten Ergebnis von 21 Stimmen von Teilen der SPD, GR\u00dcNEN und FDP bei 4 Enthaltungen und\u00a0 19 Gegenstimmen gew\u00e4hlt.<\/p>\n<div id=\"attachment_516\" class=\"wp-caption alignright\" style=\"width: 400px\"><a class=\"fancybox\" rel=\"gallery515\" href=\"http:\/\/gruene-lk-ks.de\/baunatal\/files\/2016\/04\/IMG_0663.jpg\" rel=\"attachment wp-att-516\"><img loading=\"lazy\" class=\"size-medium wp-image-516\" src=\"http:\/\/gruene-lk-ks.de\/baunatal\/files\/2016\/04\/IMG_0663-400x267.jpg\" alt=\"\u00dcber den D\u00e4chern der Stadt mit Blick auf Rathaus und Stadthalle\" width=\"400\" height=\"267\" srcset=\"http:\/\/gruene-lk-ks.de\/baunatal\/files\/2016\/04\/IMG_0663-400x267.jpg 400w, http:\/\/gruene-lk-ks.de\/baunatal\/files\/2016\/04\/IMG_0663-768x512.jpg 768w, http:\/\/gruene-lk-ks.de\/baunatal\/files\/2016\/04\/IMG_0663-800x533.jpg 800w, http:\/\/gruene-lk-ks.de\/baunatal\/files\/2016\/04\/IMG_0663-150x100.jpg 150w\" sizes=\"(max-width: 400px) 100vw, 400px\" \/><\/a><p class=\"wp-caption-text\">\u00dcber den D\u00e4chern der Stadt mit Blick auf Rathaus und Stadthalle<\/p><\/div>\n<p>Erfreulich ist, dass wir GR\u00dcNE in den n\u00e4chsten f\u00fcnf Jahren in BAUNATAL auch als kleine Fraktion nunmehr viele Inhalte aus unserem Wahlprogramm umsetzen k\u00f6nnen, zum Wohle unserer B\u00fcrger und der Umwelt in unserer Stadt. Denn nicht Fraktionensquantit\u00e4t sondern Qualit\u00e4t bestimmt die inhaltliche Arbeit in parlamentarischen Gremien.<\/p>\n","protected":false},"excerpt":{"rendered":"<p>24.4.2016 B\u00fcndnis 90 \/ Die GR\u00dcNEN GR\u00dcNE begr\u00fc\u00dfen neues Fraktionsmitglied Die\u00a0 GR\u00dcNEN \u2013 Fraktion konnte in der konstituierenden Sitzung der Stadtverordnetenversammlung gute Ergebnisse erzielen.\u00a0 Nach einem Wahlergebnis von 10,5 %,&#8230; <\/p>\n","protected":false},"author":6,"featured_media":516,"comment_status":"open","ping_status":"open","sticky":false,"template":"","format":"standard","meta":{"ngg_post_thumbnail":0},"categories":[1],"tags":[],"_links":{"self":[{"href":"http:\/\/gruene-lk-ks.de\/baunatal\/wp-json\/wp\/v2\/posts\/515"}],"collection":[{"href":"http:\/\/gruene-lk-ks.de\/baunatal\/wp-json\/wp\/v2\/posts"}],"about":[{"href":"http:\/\/gruene-lk-ks.de\/baunatal\/wp-json\/wp\/v2\/types\/post"}],"author":[{"embeddable":true,"href":"http:\/\/gruene-lk-ks.de\/baunatal\/wp-json\/wp\/v2\/users\/6"}],"replies":[{"embeddable":true,"href":"http:\/\/gruene-lk-ks.de\/baunatal\/wp-json\/wp\/v2\/comments?post=515"}],"version-history":[{"count":1,"href":"http:\/\/gruene-lk-ks.de\/baunatal\/wp-json\/wp\/v2\/posts\/515\/revisions"}],"predecessor-version":[{"id":517,"href":"http:\/\/gruene-lk-ks.de\/baunatal\/wp-json\/wp\/v2\/posts\/515\/revisions\/517"}],"wp:featuredmedia":[{"embeddable":true,"href":"http:\/\/gruene-lk-ks.de\/baunatal\/wp-json\/wp\/v2\/media\/516"}],"wp:attachment":[{"href":"http:\/\/gruene-lk-ks.de\/baunatal\/wp-json\/wp\/v2\/media?parent=515"}],"wp:term":[{"taxonomy":"category","embeddable":true,"href":"http:\/\/gruene-lk-ks.de\/baunatal\/wp-json\/wp\/v2\/categories?post=515"},{"taxonomy":"post_tag","embeddable":true,"href":"http:\/\/gruene-lk-ks.de\/baunatal\/wp-json\/wp\/v2\/tags?post=515"}],"curies":[{"name":"wp","href":"https:\/\/api.w.org\/{rel}","templated":true}]}}