{"id":519,"date":"2016-05-05T16:34:40","date_gmt":"2016-05-05T14:34:40","guid":{"rendered":"http:\/\/gruene-lk-ks.de\/baunatal\/?p=519"},"modified":"2016-05-05T16:34:40","modified_gmt":"2016-05-05T14:34:40","slug":"gruene-besichtigen-neue-fluechtlingsunterkunft-freitag","status":"publish","type":"post","link":"http:\/\/gruene-lk-ks.de\/baunatal\/gruene-besichtigen-neue-fluechtlingsunterkunft-freitag\/","title":{"rendered":"GR\u00dcNE besichtigen neue Fl\u00fcchtlingsunterkunft Freitag"},"content":{"rendered":"<p style=\"text-align: right\">4.5.2016<\/p>\n<p><b>B\u00fcndnis 90 \/ Die GR\u00dcNEN<\/b><\/p>\n<p><b>GR\u00dcNE besichtigen neue Fl\u00fcchtlingsunterkunft Freitag<\/b><\/p>\n<p>Neben mehr als 100 interessierten B\u00fcrger*innen und einer Reihe Mandatstr\u00e4ger besuchten auch Lothar Rost und Edmund Borschel von der GR\u00dcNEN \u2013 Stadtverordnetenfraktion die neue Fl\u00fcchtlingsunterkunft im ehemaligen Gasthaus Freitag am vergangenen Wochenende. Das unter Denkmalschutz stehende Fachwerkhaus, neu im Besitz der Familie Fels, wurde in den vergangenen Wochen saniert und dient k\u00fcnftig 16 jungen M\u00e4nnern als Unterkunft, die in den kommenden Monaten im VW-Werk einen Sprachkurs mit praktischen Anwendungsm\u00f6glichkeiten erhalten werden. Diese Fl\u00fcchtlinge lebten bisher in Wolfhagen, in einer vom Landkreis angemieteten ehemaligen Kaserne.<\/p>\n<p>Betreut werden die Fl\u00fcchtlinge in Baunatal durch Dirk Kaiser, Bediensteter des Landkreises, der auch den B\u00fcrger*innen am Wochenende als Gespr\u00e4chspartner zur Verf\u00fcgung stand. Begleitet wurde er vom Leiter des Sozialamts, J\u00f6rg Rossberg.<\/p>\n<div id=\"attachment_521\" class=\"wp-caption alignright\" style=\"width: 400px\"><a class=\"fancybox\" rel=\"gallery519\" href=\"http:\/\/gruene-lk-ks.de\/baunatal\/files\/2016\/05\/IMG_0707.jpg\" rel=\"attachment wp-att-521\"><img loading=\"lazy\" class=\"size-medium wp-image-521\" src=\"http:\/\/gruene-lk-ks.de\/baunatal\/files\/2016\/05\/IMG_0707-400x267.jpg\" alt=\"Diese 4 Damen schwelgten in alten Erinnerungen\" width=\"400\" height=\"267\" srcset=\"http:\/\/gruene-lk-ks.de\/baunatal\/files\/2016\/05\/IMG_0707-400x267.jpg 400w, http:\/\/gruene-lk-ks.de\/baunatal\/files\/2016\/05\/IMG_0707-768x512.jpg 768w, http:\/\/gruene-lk-ks.de\/baunatal\/files\/2016\/05\/IMG_0707-800x533.jpg 800w, http:\/\/gruene-lk-ks.de\/baunatal\/files\/2016\/05\/IMG_0707-150x100.jpg 150w\" sizes=\"(max-width: 400px) 100vw, 400px\" \/><\/a><p class=\"wp-caption-text\">Diese 4 Damen schwelgten in alten Erinnerungen<\/p><\/div>\n<div id=\"attachment_520\" class=\"wp-caption alignright\" style=\"width: 400px\"><a class=\"fancybox\" rel=\"gallery519\" href=\"http:\/\/gruene-lk-ks.de\/baunatal\/files\/2016\/05\/IMG_0699.jpg\" rel=\"attachment wp-att-520\"><img loading=\"lazy\" class=\"size-medium wp-image-520\" src=\"http:\/\/gruene-lk-ks.de\/baunatal\/files\/2016\/05\/IMG_0699-400x267.jpg\" alt=\"Dirk Kaiser, Lothar Rost und Thomas Wachsmuth (v.l.) \" width=\"400\" height=\"267\" srcset=\"http:\/\/gruene-lk-ks.de\/baunatal\/files\/2016\/05\/IMG_0699-400x267.jpg 400w, http:\/\/gruene-lk-ks.de\/baunatal\/files\/2016\/05\/IMG_0699-768x512.jpg 768w, http:\/\/gruene-lk-ks.de\/baunatal\/files\/2016\/05\/IMG_0699-800x533.jpg 800w, http:\/\/gruene-lk-ks.de\/baunatal\/files\/2016\/05\/IMG_0699-150x100.jpg 150w\" sizes=\"(max-width: 400px) 100vw, 400px\" \/><\/a><p class=\"wp-caption-text\">Dirk Kaiser, Lothar Rost und Thomas Wachsmuth (v.l.)<\/p><\/div>\n<p>Viele Besucher*innen verbinden wehm\u00fctige Erinnerungen an alte Zeiten, als sie oft bei Familienfeiern oder zum Tanz das Gasthaus besucht haben. Dies wurde gegen\u00fcber dem Fraktionssitzenden der GR\u00dcNEN, Edmund Borschel, h\u00e4ufig ge\u00e4u\u00dfert mit dem Satz:\u201c Wir sehen es mit einem lachenden und weinenden Auge, dass dieser geschichtstr\u00e4chtige Ort nun einer neuen Nutzung zugef\u00fchrt wird.\u201c Dabei wurde auch immer wieder der bedauerliche Verfall der Bausubstanz ins Feld gef\u00fchrt, der in den vergangenen Jahren durch den Leerstand \u00fcber das Geb\u00e4ude kam. Dies konnte zumindest vorerst gestoppt werden, auch verbunden mit der Umsetzung von Brandschutzauflagen. Die hell gestrichenen W\u00e4nde im rustikalen Fachwerkambiente wurden oft gelobt, die Zimmer klein aber fein und sauber hergerichtet. Kritisch dagegen werden die nicht ins optische Erscheinungsbild des denkmalgesch\u00fctzden Fachwerkgeb\u00e4udes passenden neu eingebauten Kunststofffenster gesehen.<\/p>\n<p>Allen Neub\u00fcrgern w\u00fcnschten aber die meisten Besucher*innen einen guten Start in ihrer \u201cneuen Heimat\u201c, begleitet von vielen Baunataler*innen des Unterst\u00fctzerkreises, die ihnen dabei behilflich sein werden. Wenn die Einrichtungen der Gemeinschaftsk\u00fcche und die Waschmaschinen eingebaut sind und das Mobiliar der Zimmer geliefert wurde, k\u00f6nnen die Fl\u00fcchtlinge wahrscheinlich in der kommenden Woche von Wolfhagen umziehen.<\/p>\n","protected":false},"excerpt":{"rendered":"<p>4.5.2016 B\u00fcndnis 90 \/ Die GR\u00dcNEN GR\u00dcNE besichtigen neue Fl\u00fcchtlingsunterkunft Freitag Neben mehr als 100 interessierten B\u00fcrger*innen und einer Reihe Mandatstr\u00e4ger besuchten auch Lothar Rost und Edmund Borschel von der&#8230; <\/p>\n","protected":false},"author":6,"featured_media":520,"comment_status":"open","ping_status":"open","sticky":false,"template":"","format":"standard","meta":{"ngg_post_thumbnail":0},"categories":[1],"tags":[],"_links":{"self":[{"href":"http:\/\/gruene-lk-ks.de\/baunatal\/wp-json\/wp\/v2\/posts\/519"}],"collection":[{"href":"http:\/\/gruene-lk-ks.de\/baunatal\/wp-json\/wp\/v2\/posts"}],"about":[{"href":"http:\/\/gruene-lk-ks.de\/baunatal\/wp-json\/wp\/v2\/types\/post"}],"author":[{"embeddable":true,"href":"http:\/\/gruene-lk-ks.de\/baunatal\/wp-json\/wp\/v2\/users\/6"}],"replies":[{"embeddable":true,"href":"http:\/\/gruene-lk-ks.de\/baunatal\/wp-json\/wp\/v2\/comments?post=519"}],"version-history":[{"count":1,"href":"http:\/\/gruene-lk-ks.de\/baunatal\/wp-json\/wp\/v2\/posts\/519\/revisions"}],"predecessor-version":[{"id":522,"href":"http:\/\/gruene-lk-ks.de\/baunatal\/wp-json\/wp\/v2\/posts\/519\/revisions\/522"}],"wp:featuredmedia":[{"embeddable":true,"href":"http:\/\/gruene-lk-ks.de\/baunatal\/wp-json\/wp\/v2\/media\/520"}],"wp:attachment":[{"href":"http:\/\/gruene-lk-ks.de\/baunatal\/wp-json\/wp\/v2\/media?parent=519"}],"wp:term":[{"taxonomy":"category","embeddable":true,"href":"http:\/\/gruene-lk-ks.de\/baunatal\/wp-json\/wp\/v2\/categories?post=519"},{"taxonomy":"post_tag","embeddable":true,"href":"http:\/\/gruene-lk-ks.de\/baunatal\/wp-json\/wp\/v2\/tags?post=519"}],"curies":[{"name":"wp","href":"https:\/\/api.w.org\/{rel}","templated":true}]}}