{"id":523,"date":"2016-05-10T15:58:29","date_gmt":"2016-05-10T13:58:29","guid":{"rendered":"http:\/\/gruene-lk-ks.de\/baunatal\/?p=523"},"modified":"2016-05-10T15:58:29","modified_gmt":"2016-05-10T13:58:29","slug":"gruene-baunatal-besuchen-aktionstag-vom-behindertenbeirat","status":"publish","type":"post","link":"http:\/\/gruene-lk-ks.de\/baunatal\/gruene-baunatal-besuchen-aktionstag-vom-behindertenbeirat\/","title":{"rendered":"GR\u00dcNE Baunatal besuchen Aktionstag vom Behindertenbeirat"},"content":{"rendered":"<p style=\"text-align: right\">11.5.2016<\/p>\n<p><b>B\u00fcndnis 90 \/ Die GR\u00dcNEN<\/b><\/p>\n<p><b>GR\u00dcNE Baunatal besuchen Aktionstag vom Behindertenbeirat<\/b><\/p>\n<p>Wie durch Barrierefreiheit im Alltag von Menschen mit Handicap deren Mobilit\u00e4t gesteigert werden kann, erfuhren eine Vielzahl von Besucher*innen auf dem Europaplatz bei einer Aktion des Behindertenbeirats Ende April.\u00a0 Als G\u00e4ste konnten auch Lothar Rost und Edmund Borschel von der Baunataler GR\u00dcNEN \u2013 Stadtverordnetenfraktion von den Vorst\u00e4ndlern Egon Bader (Senioren-) und Dierk Koch (Behindertenbeirat) begr\u00fc\u00dft werden.<\/p>\n<div id=\"attachment_525\" class=\"wp-caption alignright\" style=\"width: 400px\"><a class=\"fancybox\" rel=\"gallery523\" href=\"http:\/\/gruene-lk-ks.de\/baunatal\/files\/2016\/05\/IMG_0711.jpg\" rel=\"attachment wp-att-525\"><img loading=\"lazy\" class=\"size-medium wp-image-525\" src=\"http:\/\/gruene-lk-ks.de\/baunatal\/files\/2016\/05\/IMG_0711-400x267.jpg\" alt=\"Dierk Koch (2.v.l.) im Kreise junger Besucher*innen\" width=\"400\" height=\"267\" srcset=\"http:\/\/gruene-lk-ks.de\/baunatal\/files\/2016\/05\/IMG_0711-400x267.jpg 400w, http:\/\/gruene-lk-ks.de\/baunatal\/files\/2016\/05\/IMG_0711-768x512.jpg 768w, http:\/\/gruene-lk-ks.de\/baunatal\/files\/2016\/05\/IMG_0711-800x533.jpg 800w, http:\/\/gruene-lk-ks.de\/baunatal\/files\/2016\/05\/IMG_0711-150x100.jpg 150w\" sizes=\"(max-width: 400px) 100vw, 400px\" \/><\/a><p class=\"wp-caption-text\">Dierk Koch (2.v.l.) im Kreise junger Besucher*innen<\/p><\/div>\n<p>So konnten B\u00fcrger*innen bei einer Fahrt im Rollstuhl eindrucksvoll erfahren, welche Schwierigkeiten entstehen k\u00f6nnen, selbst bei kleinen Hindernissen. Interessant war zu beobachten, wie Kinder und Jugendliche angstfrei\u00a0 und unverkrampft die Fahrten im ausgeliehenen Rollstuhl ausprobierten.<\/p>\n<p>Die GR\u00dcNEN Baunatal w\u00fcnschen sich, dass es nicht bei diesem symbolischen Aktionstag bleibt,\u00a0 und werden sich weiterhin mit Antr\u00e4gen in der Stadtverordnetenversammlung und au\u00dferhalb des Parlaments f\u00fcr die Belange von Menschen mit Handicap einsetzen. Dies betrifft vor allem die Umsetzung von Barrierefreiheit in allen st\u00e4dtischen Einrichtungen und im \u00f6ffentlichen Raum auf Stra\u00dfen und Wegen.<\/p>\n<p>Nat\u00fcrlich freuen wir uns umso mehr, wenn wir Sie als G\u00e4ste oder neue Mitstreiter*innen begr\u00fc\u00dfen k\u00f6nnen.<\/p>\n","protected":false},"excerpt":{"rendered":"<p>11.5.2016 B\u00fcndnis 90 \/ Die GR\u00dcNEN GR\u00dcNE Baunatal besuchen Aktionstag vom Behindertenbeirat Wie durch Barrierefreiheit im Alltag von Menschen mit Handicap deren Mobilit\u00e4t gesteigert werden kann, erfuhren eine Vielzahl von&#8230; <\/p>\n","protected":false},"author":6,"featured_media":0,"comment_status":"open","ping_status":"open","sticky":false,"template":"","format":"standard","meta":{"ngg_post_thumbnail":0},"categories":[1],"tags":[],"_links":{"self":[{"href":"http:\/\/gruene-lk-ks.de\/baunatal\/wp-json\/wp\/v2\/posts\/523"}],"collection":[{"href":"http:\/\/gruene-lk-ks.de\/baunatal\/wp-json\/wp\/v2\/posts"}],"about":[{"href":"http:\/\/gruene-lk-ks.de\/baunatal\/wp-json\/wp\/v2\/types\/post"}],"author":[{"embeddable":true,"href":"http:\/\/gruene-lk-ks.de\/baunatal\/wp-json\/wp\/v2\/users\/6"}],"replies":[{"embeddable":true,"href":"http:\/\/gruene-lk-ks.de\/baunatal\/wp-json\/wp\/v2\/comments?post=523"}],"version-history":[{"count":3,"href":"http:\/\/gruene-lk-ks.de\/baunatal\/wp-json\/wp\/v2\/posts\/523\/revisions"}],"predecessor-version":[{"id":527,"href":"http:\/\/gruene-lk-ks.de\/baunatal\/wp-json\/wp\/v2\/posts\/523\/revisions\/527"}],"wp:attachment":[{"href":"http:\/\/gruene-lk-ks.de\/baunatal\/wp-json\/wp\/v2\/media?parent=523"}],"wp:term":[{"taxonomy":"category","embeddable":true,"href":"http:\/\/gruene-lk-ks.de\/baunatal\/wp-json\/wp\/v2\/categories?post=523"},{"taxonomy":"post_tag","embeddable":true,"href":"http:\/\/gruene-lk-ks.de\/baunatal\/wp-json\/wp\/v2\/tags?post=523"}],"curies":[{"name":"wp","href":"https:\/\/api.w.org\/{rel}","templated":true}]}}