{"id":538,"date":"2016-06-12T15:10:29","date_gmt":"2016-06-12T13:10:29","guid":{"rendered":"http:\/\/gruene-lk-ks.de\/baunatal\/?p=538"},"modified":"2016-06-12T15:11:35","modified_gmt":"2016-06-12T13:11:35","slug":"gute-resonanz-bei-gruener-buergersprechstunde","status":"publish","type":"post","link":"http:\/\/gruene-lk-ks.de\/baunatal\/gute-resonanz-bei-gruener-buergersprechstunde\/","title":{"rendered":"Gute Resonanz bei GR\u00dcNER B\u00fcrgersprechstunde"},"content":{"rendered":"<p style=\"text-align: right\">15.06.16<\/p>\n<p>Pressemitteilung<\/p>\n<p><strong>Gute Resonanz bei GR\u00dcNER B\u00fcrgersprechstunde<\/strong><\/p>\n<p><strong>Bei der ersten B\u00fcrgersprechstunde in Baunatal-Guntershausen nach der Kommunalwahl trafen sich zahlreiche\u00a0 GR\u00dcNE, Freunde und Sympathisant*innen bei Juliane Kothe an der Wasserm\u00fchle und tauschten Ideen und Informationen aus, wie Baunatal noch GR\u00dcNER werden kann.<\/strong><\/p>\n<div id=\"attachment_540\" class=\"wp-caption alignleft\" style=\"width: 783px\"><a class=\"fancybox\" rel=\"gallery538\" href=\"http:\/\/gruene-lk-ks.de\/baunatal\/files\/2016\/06\/IMG_0784.jpg\" rel=\"attachment wp-att-540\"><img loading=\"lazy\" class=\"wp-image-540 size-large\" src=\"http:\/\/gruene-lk-ks.de\/baunatal\/files\/2016\/06\/IMG_0784-800x533.jpg\" alt=\"Gute Laune zu sp\u00e4ter Stunde\" width=\"783\" height=\"522\" srcset=\"http:\/\/gruene-lk-ks.de\/baunatal\/files\/2016\/06\/IMG_0784-800x533.jpg 800w, http:\/\/gruene-lk-ks.de\/baunatal\/files\/2016\/06\/IMG_0784-400x267.jpg 400w, http:\/\/gruene-lk-ks.de\/baunatal\/files\/2016\/06\/IMG_0784-768x512.jpg 768w, http:\/\/gruene-lk-ks.de\/baunatal\/files\/2016\/06\/IMG_0784-150x100.jpg 150w\" sizes=\"(max-width: 783px) 100vw, 783px\" \/><\/a><p class=\"wp-caption-text\">Gute Laune zu sp\u00e4ter Stunde<\/p><\/div>\n<p>Im kleinen Stadtteil am Fluss, mit dem traditionell besten GR\u00dcNEN-Ergebnis in Baunatal, bieten sich viele M\u00f6glichkeiten, da hier oft Ausgleichsma\u00dfnahmen stattfinden f\u00fcr negative Eingriffe in die Umwelt wie Fl\u00e4chenversiegelung\u00a0 durch Baugebiete und Industrieansiedlungen in anderen Baunataler Stadteilen. Ebenso waren entlang der Bauna Hochwasserschutzma\u00dfnahmen n\u00f6tig. Es gab aber auch kleine private Naturschutzaktionen die greifen, wie z.B. Ansiedlung von Bienenv\u00f6lkern, da von vielen Naturschtutzverb\u00e4nden bereits seit Jahren auf das Bienensterben hingewiesen wird, durch eine hohe Konzentration von Umweltgiften in der Natur, welche von den Bienen unmittelbar \u00fcber den Nektar aufgenommen werden. Nicht zu vergessen der Bioland-Bauernhof von der Familie Eisenach. Unsere G\u00e4ste Juri und Lucy gaben den GR\u00dcNEN Mandatstr\u00e4gern\u00a0 Anregungen f\u00fcr weitere Aktionen oder Ma\u00dfnahmen. Mehr dazu, wenn sie angelaufen sind.<\/p>\n<p>Doch nicht nur der politische Gedankenaustausch vereinte die Besucher*innen, denn Juliane\u00a0 hatte <strong>auch Leckereien vom Grill und k\u00fchle Getr\u00e4nke in ihrer nett dekorierten Scheune bereit gestellt.<\/strong> F\u00fcr die Kleinsten wurden einige Spielm\u00f6glichkeiten angeboten, so dass ein lebendiges, buntes Treiben auf dem weitl\u00e4ufigen Gel\u00e4nde herrschte.<\/p>\n<div id=\"attachment_539\" class=\"wp-caption alignright\" style=\"width: 783px\"><a class=\"fancybox\" rel=\"gallery538\" href=\"http:\/\/gruene-lk-ks.de\/baunatal\/files\/2016\/06\/IMG_0777.jpg\" rel=\"attachment wp-att-539\"><img loading=\"lazy\" class=\"wp-image-539 size-large\" src=\"http:\/\/gruene-lk-ks.de\/baunatal\/files\/2016\/06\/IMG_0777-800x533.jpg\" alt=\"Besuch bei den Bienenv\u00f6lkern\" width=\"783\" height=\"522\" srcset=\"http:\/\/gruene-lk-ks.de\/baunatal\/files\/2016\/06\/IMG_0777-800x533.jpg 800w, http:\/\/gruene-lk-ks.de\/baunatal\/files\/2016\/06\/IMG_0777-400x267.jpg 400w, http:\/\/gruene-lk-ks.de\/baunatal\/files\/2016\/06\/IMG_0777-768x512.jpg 768w, http:\/\/gruene-lk-ks.de\/baunatal\/files\/2016\/06\/IMG_0777-150x100.jpg 150w\" sizes=\"(max-width: 783px) 100vw, 783px\" \/><\/a><p class=\"wp-caption-text\">Besuch bei den Bienenv\u00f6lkern<\/p><\/div>\n<p>Wir danken Juliane und Manfred f\u00fcr die tolle Gastfreundschaft und unseren zahlreichen G\u00e4sten und Besucher*innen, unter ihnen Johannes, ein neuer Bauntaler Jung-GR\u00dcNER, f\u00fcr die informativen und netten Gespr\u00e4che und freuen uns auf die n\u00e4chste B\u00fcrgersprechstunde nach den Sommerferien, dann in Hertingshausen.<\/p>\n<p>In der kommenden Woche gibt es einen Bericht \u00fcber den<strong> Parteirat der GR\u00dcNEN Hessen,\u00a0 <\/strong>der vergangenes Wochenende im KUBA in Kassel stattfand und wichtige Entscheidungen traf zur Fl\u00fcchtlingspolitik und zur Energiewende bzw. den Verschlechterungen durch das neue\u00a0 Erneuerbare Energien Gesetz (EEG) aus Berlin, besonders bei der Windkraftnutzung.<\/p>\n","protected":false},"excerpt":{"rendered":"<p>15.06.16 Pressemitteilung Gute Resonanz bei GR\u00dcNER B\u00fcrgersprechstunde Bei der ersten B\u00fcrgersprechstunde in Baunatal-Guntershausen nach der Kommunalwahl trafen sich zahlreiche\u00a0 GR\u00dcNE, Freunde und Sympathisant*innen bei Juliane Kothe an der Wasserm\u00fchle und&#8230; <\/p>\n","protected":false},"author":6,"featured_media":539,"comment_status":"open","ping_status":"open","sticky":false,"template":"","format":"standard","meta":{"ngg_post_thumbnail":0},"categories":[1],"tags":[],"_links":{"self":[{"href":"http:\/\/gruene-lk-ks.de\/baunatal\/wp-json\/wp\/v2\/posts\/538"}],"collection":[{"href":"http:\/\/gruene-lk-ks.de\/baunatal\/wp-json\/wp\/v2\/posts"}],"about":[{"href":"http:\/\/gruene-lk-ks.de\/baunatal\/wp-json\/wp\/v2\/types\/post"}],"author":[{"embeddable":true,"href":"http:\/\/gruene-lk-ks.de\/baunatal\/wp-json\/wp\/v2\/users\/6"}],"replies":[{"embeddable":true,"href":"http:\/\/gruene-lk-ks.de\/baunatal\/wp-json\/wp\/v2\/comments?post=538"}],"version-history":[{"count":2,"href":"http:\/\/gruene-lk-ks.de\/baunatal\/wp-json\/wp\/v2\/posts\/538\/revisions"}],"predecessor-version":[{"id":542,"href":"http:\/\/gruene-lk-ks.de\/baunatal\/wp-json\/wp\/v2\/posts\/538\/revisions\/542"}],"wp:featuredmedia":[{"embeddable":true,"href":"http:\/\/gruene-lk-ks.de\/baunatal\/wp-json\/wp\/v2\/media\/539"}],"wp:attachment":[{"href":"http:\/\/gruene-lk-ks.de\/baunatal\/wp-json\/wp\/v2\/media?parent=538"}],"wp:term":[{"taxonomy":"category","embeddable":true,"href":"http:\/\/gruene-lk-ks.de\/baunatal\/wp-json\/wp\/v2\/categories?post=538"},{"taxonomy":"post_tag","embeddable":true,"href":"http:\/\/gruene-lk-ks.de\/baunatal\/wp-json\/wp\/v2\/tags?post=538"}],"curies":[{"name":"wp","href":"https:\/\/api.w.org\/{rel}","templated":true}]}}