{"id":548,"date":"2016-06-21T10:02:06","date_gmt":"2016-06-21T08:02:06","guid":{"rendered":"http:\/\/gruene-lk-ks.de\/baunatal\/?p=548"},"modified":"2016-06-21T10:02:06","modified_gmt":"2016-06-21T08:02:06","slug":"gruene-gratulieren-zum-stadtgeburtstag-und-bekunden-wir-sind-hier-zuhause","status":"publish","type":"post","link":"http:\/\/gruene-lk-ks.de\/baunatal\/gruene-gratulieren-zum-stadtgeburtstag-und-bekunden-wir-sind-hier-zuhause\/","title":{"rendered":"GR\u00dcNE gratulieren zum Stadtgeburtstag und bekunden: \u201cWir sind hier Zuhause!\u201c"},"content":{"rendered":"<p style=\"text-align: right\">16. Juni 2016<\/p>\n<p>Pressemitteilung<\/p>\n<p><strong>GR\u00dcNE gratulieren zum Stadtgeburtstag und bekunden: \u201cWir sind hier Zuhause!\u201c<\/strong><\/p>\n<p><strong>Die GR\u00dcNEN Baunatal und ihr Stadtrat J\u00fcrgen B\u00f6hme sowie die Stadtverordneten der GR\u00dcNEN Fraktion Stefanie Braun, Edmund Borschel, Juliane Kothe, Dr. Kamela Mohtezebsade, Henry Richter und Lothar Rost gratulieren der Stadt Baunatal und ihren B\u00fcrger*innen zum 50. Stadtgeburtstag.<\/strong><\/p>\n<p>Wie aktuell die meisten Bewohner*innen sind auch unsere Mandatstr\u00e4ger*innen in den vergangenen 50 Jahren, nach Gr\u00fcndung der Stadt im Jahr 1966, erst nach Baunatal gezogen. Wir f\u00fchlen uns hier nicht nur heimisch, sondern zeigen durch unser kommunalpolitisches, ehrenamtliches Engagement, dass wir, wie bereits in der Vergangenheit, auch in Zukunft die Stadt mitgestalten wollen, <strong>zum Wohl aller B\u00fcrger*innen<\/strong> und <strong>zum Schutz der Natur<\/strong> und dem Erhalt einer gesunden Umwelt, ein kostbares Gut.<\/p>\n<a class=\"fancybox\" rel=\"gallery548\" href=\"http:\/\/gruene-lk-ks.de\/baunatal\/files\/2016\/06\/IMG_0564.jpg\" rel=\"attachment wp-att-549\"><img loading=\"lazy\" class=\"alignright size-large wp-image-549\" src=\"http:\/\/gruene-lk-ks.de\/baunatal\/files\/2016\/06\/IMG_0564-800x533.jpg\" alt=\"IMG_0564\" width=\"783\" height=\"522\" srcset=\"http:\/\/gruene-lk-ks.de\/baunatal\/files\/2016\/06\/IMG_0564-800x533.jpg 800w, http:\/\/gruene-lk-ks.de\/baunatal\/files\/2016\/06\/IMG_0564-400x267.jpg 400w, http:\/\/gruene-lk-ks.de\/baunatal\/files\/2016\/06\/IMG_0564-768x512.jpg 768w, http:\/\/gruene-lk-ks.de\/baunatal\/files\/2016\/06\/IMG_0564-150x100.jpg 150w\" sizes=\"(max-width: 783px) 100vw, 783px\" \/><\/a>\n<p>Wir danken besonders allen Unterst\u00fctzer*innen, die uns in unserer t\u00e4glichen Arbeit im und au\u00dferhalb des Parlaments begleiten. Bleiben Sie uns bitte weiterhin gewogen.<\/p>\n","protected":false},"excerpt":{"rendered":"<p>16. Juni 2016 Pressemitteilung GR\u00dcNE gratulieren zum Stadtgeburtstag und bekunden: \u201cWir sind hier Zuhause!\u201c Die GR\u00dcNEN Baunatal und ihr Stadtrat J\u00fcrgen B\u00f6hme sowie die Stadtverordneten der GR\u00dcNEN Fraktion Stefanie Braun,&#8230; <\/p>\n","protected":false},"author":6,"featured_media":549,"comment_status":"open","ping_status":"open","sticky":false,"template":"","format":"standard","meta":{"ngg_post_thumbnail":0},"categories":[1],"tags":[],"_links":{"self":[{"href":"http:\/\/gruene-lk-ks.de\/baunatal\/wp-json\/wp\/v2\/posts\/548"}],"collection":[{"href":"http:\/\/gruene-lk-ks.de\/baunatal\/wp-json\/wp\/v2\/posts"}],"about":[{"href":"http:\/\/gruene-lk-ks.de\/baunatal\/wp-json\/wp\/v2\/types\/post"}],"author":[{"embeddable":true,"href":"http:\/\/gruene-lk-ks.de\/baunatal\/wp-json\/wp\/v2\/users\/6"}],"replies":[{"embeddable":true,"href":"http:\/\/gruene-lk-ks.de\/baunatal\/wp-json\/wp\/v2\/comments?post=548"}],"version-history":[{"count":1,"href":"http:\/\/gruene-lk-ks.de\/baunatal\/wp-json\/wp\/v2\/posts\/548\/revisions"}],"predecessor-version":[{"id":550,"href":"http:\/\/gruene-lk-ks.de\/baunatal\/wp-json\/wp\/v2\/posts\/548\/revisions\/550"}],"wp:featuredmedia":[{"embeddable":true,"href":"http:\/\/gruene-lk-ks.de\/baunatal\/wp-json\/wp\/v2\/media\/549"}],"wp:attachment":[{"href":"http:\/\/gruene-lk-ks.de\/baunatal\/wp-json\/wp\/v2\/media?parent=548"}],"wp:term":[{"taxonomy":"category","embeddable":true,"href":"http:\/\/gruene-lk-ks.de\/baunatal\/wp-json\/wp\/v2\/categories?post=548"},{"taxonomy":"post_tag","embeddable":true,"href":"http:\/\/gruene-lk-ks.de\/baunatal\/wp-json\/wp\/v2\/tags?post=548"}],"curies":[{"name":"wp","href":"https:\/\/api.w.org\/{rel}","templated":true}]}}