{"id":552,"date":"2016-07-13T12:04:16","date_gmt":"2016-07-13T10:04:16","guid":{"rendered":"http:\/\/gruene-lk-ks.de\/baunatal\/?p=552"},"modified":"2016-12-12T20:46:03","modified_gmt":"2016-12-12T18:46:03","slug":"552-2","status":"publish","type":"post","link":"http:\/\/gruene-lk-ks.de\/baunatal\/552-2\/","title":{"rendered":"GR\u00dcNE Baunatal aktiv beim Sattelfest entlang der Fulda"},"content":{"rendered":"<p style=\"text-align: right\">11. Juli 2016<\/p>\n<h1>Pressemitteilung<\/h1>\n<h1>GR\u00dcNE Baunatal aktiv beim Sattelfest entlang der Fulda<\/h1>\n<p>Auch in diesem Jahr waren die GR\u00dcNEN Baunatal wieder beteiligt und aktiv am Stand der GR\u00dcNEN vom Landkreis KASSEL beim Sattelfest entlang der Fulda von Kassel-Wolfsanger bis Hannoversch-M\u00fcnden. Tausende von Radfahrern nutzten die Sperrung der Bundesstra\u00dfe, um sich bei gutem Wetter stressfrei mit ihren R\u00e4dern oder Skates zu bewegen. Autos hatten an diesem Tag einmal Ruhepause auf dieser Stra\u00dfe. Damit sollten nicht nur <strong>Verkehrsbelange<\/strong> und <strong>Umweltaspekte<\/strong> beleuchtet werden sondern auch Gesundheitsthemen, wie <strong>Bewegungsarmut<\/strong> als neue Zivilisationskrankheit.<\/p>\n<div id=\"attachment_553\" class=\"wp-caption alignleft\" style=\"width: 539px\"><a class=\"fancybox\" rel=\"gallery552\" href=\"http:\/\/gruene-lk-ks.de\/baunatal\/files\/2016\/07\/IMG_0914.jpg\" rel=\"attachment wp-att-553\"><img loading=\"lazy\" class=\" wp-image-553\" src=\"http:\/\/gruene-lk-ks.de\/baunatal\/files\/2016\/07\/IMG_0914-800x533.jpg\" alt=\"GR\u00dcNE Stand-Helfer, Doris, Jochen, Anja, Susanne und Ede (v.l.)\" width=\"539\" height=\"359\" srcset=\"http:\/\/gruene-lk-ks.de\/baunatal\/files\/2016\/07\/IMG_0914-800x533.jpg 800w, http:\/\/gruene-lk-ks.de\/baunatal\/files\/2016\/07\/IMG_0914-400x267.jpg 400w, http:\/\/gruene-lk-ks.de\/baunatal\/files\/2016\/07\/IMG_0914-768x512.jpg 768w, http:\/\/gruene-lk-ks.de\/baunatal\/files\/2016\/07\/IMG_0914-150x100.jpg 150w\" sizes=\"(max-width: 539px) 100vw, 539px\" \/><\/a><p class=\"wp-caption-text\">GR\u00dcNE Stand-Helfer, Doris, Jochen, Anja, Susanne und Ede (v.l.)<\/p><\/div>\n<p>Es fiel auf, dass neben den traditionellen Fahrr\u00e4dern immer mehr Pedelecs oder Eigenbau-Fahrr\u00e4der zum Einsatz kamen. So konnte auch der Fraktionsvorsitzende der GR\u00dcNEN Baunatal, Ede Borschel, erstmalig mit seinem E-Bike den Fulda-Radweg genie\u00dfen.<\/p>\n<div id=\"attachment_554\" class=\"wp-caption alignright\" style=\"width: 539px\"><a class=\"fancybox\" rel=\"gallery552\" href=\"http:\/\/gruene-lk-ks.de\/baunatal\/files\/2016\/07\/IMG_0917.jpg\" rel=\"attachment wp-att-554\"><img loading=\"lazy\" class=\" wp-image-554\" src=\"http:\/\/gruene-lk-ks.de\/baunatal\/files\/2016\/07\/IMG_0917-800x533.jpg\" alt=\"Ede inmitten umgebauter, exotischer Bikes\" width=\"539\" height=\"359\" srcset=\"http:\/\/gruene-lk-ks.de\/baunatal\/files\/2016\/07\/IMG_0917-800x533.jpg 800w, http:\/\/gruene-lk-ks.de\/baunatal\/files\/2016\/07\/IMG_0917-400x267.jpg 400w, http:\/\/gruene-lk-ks.de\/baunatal\/files\/2016\/07\/IMG_0917-768x512.jpg 768w, http:\/\/gruene-lk-ks.de\/baunatal\/files\/2016\/07\/IMG_0917-150x100.jpg 150w\" sizes=\"(max-width: 539px) 100vw, 539px\" \/><\/a><p class=\"wp-caption-text\">Ede inmitten umgebauter, exotischer Bikes<\/p><\/div>\n<p>Er\u00f6ffnet wurde der autofreie Tag vom Kasseler Regierungspr\u00e4sidenten L\u00fcbcke und der GR\u00dcNEN Landtagsabgeordneten Karin M\u00fcller, selbst begeisterte Radfahrerin und verkehrspolitische Sprecherin der GR\u00dcNEN Landtagsfaktion.<\/p>\n<p>Der GR\u00dcNEN Informationsstand wurde besonders von jungen Familien und Kindern angefahren, da das B\u00fcchsenwerfen ein Anziehungspunkt bildete, der durchgehend frequentiert wurde. Kleine Preise nach erfolgreichem Abr\u00e4umen der Dosen vers\u00fc\u00dfte dann das Warten f\u00fcr die J\u00fcngsten in der Schlange.<strong>\u00a0<\/strong><\/p>\n","protected":false},"excerpt":{"rendered":"<p>11. Juli 2016 Pressemitteilung GR\u00dcNE Baunatal aktiv beim Sattelfest entlang der Fulda Auch in diesem Jahr waren die GR\u00dcNEN Baunatal wieder beteiligt und aktiv am Stand der GR\u00dcNEN vom Landkreis&#8230; <\/p>\n","protected":false},"author":6,"featured_media":0,"comment_status":"open","ping_status":"open","sticky":false,"template":"","format":"standard","meta":{"ngg_post_thumbnail":0},"categories":[1],"tags":[],"_links":{"self":[{"href":"http:\/\/gruene-lk-ks.de\/baunatal\/wp-json\/wp\/v2\/posts\/552"}],"collection":[{"href":"http:\/\/gruene-lk-ks.de\/baunatal\/wp-json\/wp\/v2\/posts"}],"about":[{"href":"http:\/\/gruene-lk-ks.de\/baunatal\/wp-json\/wp\/v2\/types\/post"}],"author":[{"embeddable":true,"href":"http:\/\/gruene-lk-ks.de\/baunatal\/wp-json\/wp\/v2\/users\/6"}],"replies":[{"embeddable":true,"href":"http:\/\/gruene-lk-ks.de\/baunatal\/wp-json\/wp\/v2\/comments?post=552"}],"version-history":[{"count":2,"href":"http:\/\/gruene-lk-ks.de\/baunatal\/wp-json\/wp\/v2\/posts\/552\/revisions"}],"predecessor-version":[{"id":718,"href":"http:\/\/gruene-lk-ks.de\/baunatal\/wp-json\/wp\/v2\/posts\/552\/revisions\/718"}],"wp:attachment":[{"href":"http:\/\/gruene-lk-ks.de\/baunatal\/wp-json\/wp\/v2\/media?parent=552"}],"wp:term":[{"taxonomy":"category","embeddable":true,"href":"http:\/\/gruene-lk-ks.de\/baunatal\/wp-json\/wp\/v2\/categories?post=552"},{"taxonomy":"post_tag","embeddable":true,"href":"http:\/\/gruene-lk-ks.de\/baunatal\/wp-json\/wp\/v2\/tags?post=552"}],"curies":[{"name":"wp","href":"https:\/\/api.w.org\/{rel}","templated":true}]}}