{"id":561,"date":"2016-08-27T13:06:43","date_gmt":"2016-08-27T11:06:43","guid":{"rendered":"http:\/\/gruene-lk-ks.de\/baunatal\/?p=561"},"modified":"2016-08-27T13:06:43","modified_gmt":"2016-08-27T11:06:43","slug":"gruene-baunatal-auf-sommertour-um-sich-ueber-wasserschaeden-zu-informieren","status":"publish","type":"post","link":"http:\/\/gruene-lk-ks.de\/baunatal\/gruene-baunatal-auf-sommertour-um-sich-ueber-wasserschaeden-zu-informieren\/","title":{"rendered":"GR\u00dcNE Baunatal auf Sommertour um sich \u00fcber Wassersch\u00e4den zu informieren"},"content":{"rendered":"<p style=\"text-align: right\">22. August 2016<\/p>\n<h1>GR\u00dcNE Baunatal auf Sommertour um sich \u00fcber Wassersch\u00e4den zu informieren<\/h1>\n<p>Im Rahmen ihrer Sommertour besuchten die Baunataler Stadtverordneten Lothar Rost und Edmund Borschel verschiedene Baunataler Einrichtungen und Geb\u00e4ude um sich einen pers\u00f6nlichen Eindruck zu verschaffen, welche <strong>Wassersch\u00e4den<\/strong> aktuell im B\u00fcrgerb\u00fcro des Rathauses und <strong>in der neuen Kita am Obersten Heimbach<\/strong> entstanden sind. Nach den vor einigen Monaten beseitigten Sch\u00e4den im Aqua-Park in Millionenh\u00f6he durch Baum\u00e4ngel bzw. mangelhafte Bauaufsicht scheint bei den beiden Neubauten der Wasserteufel zugeschlagen zu haben. Baunatal und Wasser scheinen keine innige Freundschaft miteinander zu pflegen, so entsteht der Eindruck bei vielen Mitb\u00fcrgerInnen.<\/p>\n<p>Planung und Bau der neuen Kita stehen ebenfalls unter keinem \u201cguten Stern\u201c. Erst wurde vom B\u00fcrgermeister die Fertigstellung mehrfach angek\u00fcndigt und musste immer wieder verschoben werden, da der Bauherr den Zeitplan nicht einhielt, und nun steht gar das <strong>Kellergeschoss unter Wasser<\/strong>. Obwohl aktuell Trocknungsger\u00e4te laufen, bleibt die Frage, ob der neu anvisierte Einzug der Kindergartengruppe zum 1. September 2016 m\u00f6glich ist. Gekl\u00e4rt werden muss sicherlich, welches die Ursache ist, wer f\u00fcr den Schaden verantwortlich zeichnet bzw. f\u00fcr die Schadensbeseitigung aufkommt. Es bleibt zu hoffen, dass die bereits in der Kita aufgestellten M\u00f6bel keine Feuchtigkeit gezogen haben und bei Einzug der Kinder ein gesundes Raumklima herrscht, im Interesse der Gesundheit der Kleinsten und des Personals. Deshalb erwartet die GR\u00dcNEN Fraktion im Stadtparlament Baunatal, dass <strong>vor dem Erstbezug unbedingt Feuchtdichkeitsmessungen in den Kita-R\u00e4umen<\/strong> durchgef\u00fchrt werden, um Gesundheitsgef\u00e4hrdungen auszuschlie\u00dfen!<\/p>\n<div id=\"attachment_562\" class=\"wp-caption alignleft\" style=\"width: 783px\"><a class=\"fancybox\" rel=\"gallery561\" href=\"http:\/\/gruene-lk-ks.de\/baunatal\/files\/2016\/08\/IMG_1174.jpg\" rel=\"attachment wp-att-562\"><img loading=\"lazy\" class=\"size-large wp-image-562\" src=\"http:\/\/gruene-lk-ks.de\/baunatal\/files\/2016\/08\/IMG_1174-800x533.jpg\" alt=\"Neubau der Kita am Obersten Heimbach in Gro\u00dfenritte (im UG)\" width=\"783\" height=\"522\" srcset=\"http:\/\/gruene-lk-ks.de\/baunatal\/files\/2016\/08\/IMG_1174-800x533.jpg 800w, http:\/\/gruene-lk-ks.de\/baunatal\/files\/2016\/08\/IMG_1174-400x267.jpg 400w, http:\/\/gruene-lk-ks.de\/baunatal\/files\/2016\/08\/IMG_1174-768x512.jpg 768w, http:\/\/gruene-lk-ks.de\/baunatal\/files\/2016\/08\/IMG_1174-150x100.jpg 150w\" sizes=\"(max-width: 783px) 100vw, 783px\" \/><\/a><p class=\"wp-caption-text\">Neubau der Kita am Obersten Heimbach in Gro\u00dfenritte (im UG)<\/p><\/div>\n<div id=\"attachment_563\" class=\"wp-caption alignright\" style=\"width: 783px\"><a class=\"fancybox\" rel=\"gallery561\" href=\"http:\/\/gruene-lk-ks.de\/baunatal\/files\/2016\/08\/IMG_1176.jpg\" rel=\"attachment wp-att-563\"><img loading=\"lazy\" class=\"size-large wp-image-563\" src=\"http:\/\/gruene-lk-ks.de\/baunatal\/files\/2016\/08\/IMG_1176-800x533.jpg\" alt=\"Neubau der Kita am Obersten Heimbach in Gro\u00dfenritte\" width=\"783\" height=\"522\" srcset=\"http:\/\/gruene-lk-ks.de\/baunatal\/files\/2016\/08\/IMG_1176-800x533.jpg 800w, http:\/\/gruene-lk-ks.de\/baunatal\/files\/2016\/08\/IMG_1176-400x267.jpg 400w, http:\/\/gruene-lk-ks.de\/baunatal\/files\/2016\/08\/IMG_1176-768x512.jpg 768w, http:\/\/gruene-lk-ks.de\/baunatal\/files\/2016\/08\/IMG_1176-150x100.jpg 150w\" sizes=\"(max-width: 783px) 100vw, 783px\" \/><\/a><p class=\"wp-caption-text\">Neubau der Kita am Obersten Heimbach in Gro\u00dfenritte<\/p><\/div>\n<p>Spannend bleibt die Auslastung dieser Kita und die Mietkonditionen mit diesem privaten Vermieter. Dazu werden die GR\u00dcNEN in der kommenden Fragestunde der Stadtverordnetenversammlung eine Anfrage stellen.<\/p>\n<p>R\u00e4tselhaft bleibt bei dem Schaden im Rathaus, wie durch ein undichtes Abflussrohr, welches nicht unter Druck steht, einige Zeit nach dem Umbau des Erdgeschosses ein derart massiver Wasserschaden in den W\u00e4nden entstehen kann.<\/p>\n<p>Wenn Sie weitere kritische Bereiche in unserer Stadt entdecken, freuen wir uns auf Ihre Nachricht.<\/p>\n","protected":false},"excerpt":{"rendered":"<p>22. August 2016 GR\u00dcNE Baunatal auf Sommertour um sich \u00fcber Wassersch\u00e4den zu informieren Im Rahmen ihrer Sommertour besuchten die Baunataler Stadtverordneten Lothar Rost und Edmund Borschel verschiedene Baunataler Einrichtungen und&#8230; <\/p>\n","protected":false},"author":6,"featured_media":563,"comment_status":"open","ping_status":"open","sticky":false,"template":"","format":"standard","meta":{"ngg_post_thumbnail":0},"categories":[1],"tags":[],"_links":{"self":[{"href":"http:\/\/gruene-lk-ks.de\/baunatal\/wp-json\/wp\/v2\/posts\/561"}],"collection":[{"href":"http:\/\/gruene-lk-ks.de\/baunatal\/wp-json\/wp\/v2\/posts"}],"about":[{"href":"http:\/\/gruene-lk-ks.de\/baunatal\/wp-json\/wp\/v2\/types\/post"}],"author":[{"embeddable":true,"href":"http:\/\/gruene-lk-ks.de\/baunatal\/wp-json\/wp\/v2\/users\/6"}],"replies":[{"embeddable":true,"href":"http:\/\/gruene-lk-ks.de\/baunatal\/wp-json\/wp\/v2\/comments?post=561"}],"version-history":[{"count":1,"href":"http:\/\/gruene-lk-ks.de\/baunatal\/wp-json\/wp\/v2\/posts\/561\/revisions"}],"predecessor-version":[{"id":564,"href":"http:\/\/gruene-lk-ks.de\/baunatal\/wp-json\/wp\/v2\/posts\/561\/revisions\/564"}],"wp:featuredmedia":[{"embeddable":true,"href":"http:\/\/gruene-lk-ks.de\/baunatal\/wp-json\/wp\/v2\/media\/563"}],"wp:attachment":[{"href":"http:\/\/gruene-lk-ks.de\/baunatal\/wp-json\/wp\/v2\/media?parent=561"}],"wp:term":[{"taxonomy":"category","embeddable":true,"href":"http:\/\/gruene-lk-ks.de\/baunatal\/wp-json\/wp\/v2\/categories?post=561"},{"taxonomy":"post_tag","embeddable":true,"href":"http:\/\/gruene-lk-ks.de\/baunatal\/wp-json\/wp\/v2\/tags?post=561"}],"curies":[{"name":"wp","href":"https:\/\/api.w.org\/{rel}","templated":true}]}}