{"id":566,"date":"2016-09-13T10:44:33","date_gmt":"2016-09-13T08:44:33","guid":{"rendered":"http:\/\/gruene-lk-ks.de\/baunatal\/?p=566"},"modified":"2016-09-13T10:44:33","modified_gmt":"2016-09-13T08:44:33","slug":"gruene-stadtverordnete-besuchen-richtfest-am-gertrudenstift-in-grossenritte","status":"publish","type":"post","link":"http:\/\/gruene-lk-ks.de\/baunatal\/gruene-stadtverordnete-besuchen-richtfest-am-gertrudenstift-in-grossenritte\/","title":{"rendered":"GR\u00dcNE Stadtverordnete besuchen Richtfest am Gertrudenstift in Gro\u00dfenritte"},"content":{"rendered":"<p style=\"text-align: right\">12. September 2016<\/p>\n<p><strong>GR\u00dcNE Stadtverordnete besuchen Richtfest am Gertrudenstift in Gro\u00dfenritte<\/strong><\/p>\n<p>Der Ortvereinsvorsitzende der GR\u00dcNEN Baunatal und Stadtverordnete Lothar Rost sowie der Fraktionsvorsitzende Edmund (Ede) Borschel besuchten das Richtfest zum Bau der neuen Anlage am Gertrudenstift, welches\u00a0 als neues Angebot Wohnungen bereitstellt zum <strong>Betreuten Wohnen<\/strong>. Die wenigen funktional geschnittenen Wohnungen sind seit geraumer Zeit per Mietvertrag vergeben und eine Warteliste mit weiteren Interessenten existiert auch bereits.<\/p>\n<div id=\"attachment_567\" class=\"wp-caption alignright\" style=\"width: 500px\"><a class=\"fancybox\" rel=\"gallery566\" href=\"http:\/\/gruene-lk-ks.de\/baunatal\/files\/2016\/09\/IMG_1293.jpg\" rel=\"attachment wp-att-567\"><img loading=\"lazy\" class=\"wp-image-567\" src=\"http:\/\/gruene-lk-ks.de\/baunatal\/files\/2016\/09\/IMG_1293-800x533.jpg\" alt=\"Herr Mittelbach (r.) begr\u00fc\u00dft die zahlreichen G\u00e4ste und Interessenten\" width=\"500\" height=\"333\" srcset=\"http:\/\/gruene-lk-ks.de\/baunatal\/files\/2016\/09\/IMG_1293-800x533.jpg 800w, http:\/\/gruene-lk-ks.de\/baunatal\/files\/2016\/09\/IMG_1293-400x267.jpg 400w, http:\/\/gruene-lk-ks.de\/baunatal\/files\/2016\/09\/IMG_1293-768x512.jpg 768w, http:\/\/gruene-lk-ks.de\/baunatal\/files\/2016\/09\/IMG_1293-150x100.jpg 150w\" sizes=\"(max-width: 500px) 100vw, 500px\" \/><\/a><p class=\"wp-caption-text\">Herr Mittelbach (r.) begr\u00fc\u00dft die zahlreichen G\u00e4ste und Interessenten<\/p><\/div>\n<div id=\"attachment_568\" class=\"wp-caption alignleft\" style=\"width: 500px\"><a class=\"fancybox\" rel=\"gallery566\" href=\"http:\/\/gruene-lk-ks.de\/baunatal\/files\/2016\/09\/IMG_1307.jpg\" rel=\"attachment wp-att-568\"><img loading=\"lazy\" class=\"wp-image-568\" src=\"http:\/\/gruene-lk-ks.de\/baunatal\/files\/2016\/09\/IMG_1307-800x533.jpg\" alt=\"Das Ehepaar Gundi und Henning M\u00fcller (Mitte) wird von Lothar (l.) und Ede (r.) umrahmt\" width=\"500\" height=\"333\" srcset=\"http:\/\/gruene-lk-ks.de\/baunatal\/files\/2016\/09\/IMG_1307-800x533.jpg 800w, http:\/\/gruene-lk-ks.de\/baunatal\/files\/2016\/09\/IMG_1307-400x267.jpg 400w, http:\/\/gruene-lk-ks.de\/baunatal\/files\/2016\/09\/IMG_1307-768x512.jpg 768w, http:\/\/gruene-lk-ks.de\/baunatal\/files\/2016\/09\/IMG_1307-150x100.jpg 150w\" sizes=\"(max-width: 500px) 100vw, 500px\" \/><\/a><p class=\"wp-caption-text\">Das Ehepaar Gundi und Henning M\u00fcller (Mitte) wird von Lothar (l.) und Ede (r.) umrahmt<\/p><\/div>\n<p>Im Rahmen einer kleinen Feierstunde auf dem Baugel\u00e4nde konnte der Einrichtungsleiter des Ev.-Lutherischen Gertrudenstifts, Herr Martin Mittelbach, zahlreiche G\u00e4ste und Bewerber f\u00fcr die neuen und stark nachgefragten Wohnungen begr\u00fc\u00dfen. Unter den Bewerbern, die sogar aus benachbarten Bundesl\u00e4ndern anreisten, war auch die Familie M\u00fcller aus Verden an der Aller, deren Sohn mit seiner Familie in Kassel lebt. Das betreute Wohnangebot in Gro\u00dfenritte erm\u00f6glicht damit im Alter eine Art von &#8220;Familienzusammenf\u00fchrung&#8221;, die beiden Generationen hilft in der t\u00e4glichen Lebensgestaltung bzw. r\u00e4umlich\u00a0 entgegenkommt.<\/p>\n<p>Die GR\u00dcNEN waren begeistert vom Schnitt der Wohnungen, der Lage \u00fcber dem Ortsteil Gro\u00dfenritte mit dem wunderbaren Blick \u00fcber Baunatal und dem m\u00f6glichen Betreuungsangebot in diesen Wohnungen in Koperation mit dem in unmittelbarer N\u00e4he gelegenen Gertrudenstift. Dies kann das selbstbestimmte Leben im Alter im pers\u00f6nlichen h\u00e4uslichen Umfeld l\u00e4nger gew\u00e4hrleisten, besonders bei Ehepaaren bei denen ein Partner pflegebed\u00fcrftig ist.<\/p>\n","protected":false},"excerpt":{"rendered":"<p>12. September 2016 GR\u00dcNE Stadtverordnete besuchen Richtfest am Gertrudenstift in Gro\u00dfenritte Der Ortvereinsvorsitzende der GR\u00dcNEN Baunatal und Stadtverordnete Lothar Rost sowie der Fraktionsvorsitzende Edmund (Ede) Borschel besuchten das Richtfest zum&#8230; <\/p>\n","protected":false},"author":6,"featured_media":0,"comment_status":"open","ping_status":"open","sticky":false,"template":"","format":"standard","meta":{"ngg_post_thumbnail":0},"categories":[1],"tags":[],"_links":{"self":[{"href":"http:\/\/gruene-lk-ks.de\/baunatal\/wp-json\/wp\/v2\/posts\/566"}],"collection":[{"href":"http:\/\/gruene-lk-ks.de\/baunatal\/wp-json\/wp\/v2\/posts"}],"about":[{"href":"http:\/\/gruene-lk-ks.de\/baunatal\/wp-json\/wp\/v2\/types\/post"}],"author":[{"embeddable":true,"href":"http:\/\/gruene-lk-ks.de\/baunatal\/wp-json\/wp\/v2\/users\/6"}],"replies":[{"embeddable":true,"href":"http:\/\/gruene-lk-ks.de\/baunatal\/wp-json\/wp\/v2\/comments?post=566"}],"version-history":[{"count":3,"href":"http:\/\/gruene-lk-ks.de\/baunatal\/wp-json\/wp\/v2\/posts\/566\/revisions"}],"predecessor-version":[{"id":571,"href":"http:\/\/gruene-lk-ks.de\/baunatal\/wp-json\/wp\/v2\/posts\/566\/revisions\/571"}],"wp:attachment":[{"href":"http:\/\/gruene-lk-ks.de\/baunatal\/wp-json\/wp\/v2\/media?parent=566"}],"wp:term":[{"taxonomy":"category","embeddable":true,"href":"http:\/\/gruene-lk-ks.de\/baunatal\/wp-json\/wp\/v2\/categories?post=566"},{"taxonomy":"post_tag","embeddable":true,"href":"http:\/\/gruene-lk-ks.de\/baunatal\/wp-json\/wp\/v2\/tags?post=566"}],"curies":[{"name":"wp","href":"https:\/\/api.w.org\/{rel}","templated":true}]}}