{"id":579,"date":"2016-09-26T23:13:41","date_gmt":"2016-09-26T21:13:41","guid":{"rendered":"http:\/\/gruene-lk-ks.de\/baunatal\/?p=579"},"modified":"2016-09-26T23:13:41","modified_gmt":"2016-09-26T21:13:41","slug":"gruenes-sommerfest-beim-markt-der-moeglichkeiten","status":"publish","type":"post","link":"http:\/\/gruene-lk-ks.de\/baunatal\/gruenes-sommerfest-beim-markt-der-moeglichkeiten\/","title":{"rendered":"GR\u00dcNES Sommerfest beim Markt der M\u00f6glichkeiten"},"content":{"rendered":"<p style=\"text-align: right\">28. Sept. 2016<\/p>\n<p><strong>GR\u00dcNES Sommerfest bei<br \/>\n<img loading=\"lazy\" class=\"alignleft wp-image-581\" src=\"http:\/\/gruene-lk-ks.de\/baunatal\/files\/2016\/09\/IMG_1315-800x533.jpg\" alt=\"img_1315\" width=\"500\" height=\"333\" srcset=\"http:\/\/gruene-lk-ks.de\/baunatal\/files\/2016\/09\/IMG_1315-800x533.jpg 800w, http:\/\/gruene-lk-ks.de\/baunatal\/files\/2016\/09\/IMG_1315-400x267.jpg 400w, http:\/\/gruene-lk-ks.de\/baunatal\/files\/2016\/09\/IMG_1315-768x512.jpg 768w, http:\/\/gruene-lk-ks.de\/baunatal\/files\/2016\/09\/IMG_1315-150x100.jpg 150w\" sizes=\"(max-width: 500px) 100vw, 500px\" \/><\/strong><strong>\u00a0Markt der M\u00f6glichkeiten<\/strong><\/p>\n<p>Das\u00a0 allj\u00e4hrlich stattfindende Sommerfest der GR\u00dcNEN im Landkreis Kassel\u00a0 fand dieses Jahr im September in Ahnatal-Heckershausen statt, bei sonnigem Wetter und warmen Temperaturen. Der sogenannte <strong>\u201cGR\u00dcNE Markt der M\u00f6glichkeiten\u201c<\/strong> lockte wieder zahlreiche alternative Standbetreiber an, die schon seit Jahren ihre selbstproduzierten und gesunden Lebensmittel oder kreativen Kleinkunstartikel einem breiten Publikum pr\u00e4sentierten. Ein Highlight war auch der Stand mit K\u00fcrbiskernsuppe und Veggie-D\u00f6nern!<\/p>\n<p>&nbsp;<br \/>\nAus Baunatal besuchten die GR\u00dcNE Fraktionsvorsitzende im Kreistag Monika Woizeschke-Br\u00fcck und ihr Stellvertreter der Kreistagsabgeordnete Edmund Borschel mit seiner Gattin Lilo den <img loading=\"lazy\" class=\"alignright wp-image-582\" src=\"http:\/\/gruene-lk-ks.de\/baunatal\/files\/2016\/09\/IMG_1320-800x533.jpg\" alt=\"img_1320\" width=\"500\" height=\"333\" srcset=\"http:\/\/gruene-lk-ks.de\/baunatal\/files\/2016\/09\/IMG_1320-800x533.jpg 800w, http:\/\/gruene-lk-ks.de\/baunatal\/files\/2016\/09\/IMG_1320-400x267.jpg 400w, http:\/\/gruene-lk-ks.de\/baunatal\/files\/2016\/09\/IMG_1320-768x512.jpg 768w, http:\/\/gruene-lk-ks.de\/baunatal\/files\/2016\/09\/IMG_1320-150x100.jpg 150w\" sizes=\"(max-width: 500px) 100vw, 500px\" \/>Markt. Alle drei waren begeistert von der Resonanz, dem Programm und dem leckeren Essensangebot beim Kuchenbuffet. Politische Gespr\u00e4che kamen auch nicht zu kurz bei Themen wie Windkraftausbau in Nordhessen, Schul- und Sozialpolitik im Landkreis Kassel, erschreckende Wahlerfolge der AfD bei den j\u00fcngsten Landtagswahlen.<\/p>\n<p>&nbsp;<\/p>\n<p>Dank geb\u00fchrt wie immer den Organisator*innen aus den GR\u00dcNEN Ortsverb\u00e4nden Ahnatal und Vellmar, die einen w\u00fcrdigen Rahmen in einem sch\u00f6nen Ambiente gew\u00e4hlt haben. Alle Umweltaktivisten und Natursch\u00fctzer freuen sich schon auf den Markt der M\u00f6glichkeiten im Jahre 2017!<\/p>\n","protected":false},"excerpt":{"rendered":"<p>28. Sept. 2016 GR\u00dcNES Sommerfest bei \u00a0Markt der M\u00f6glichkeiten Das\u00a0 allj\u00e4hrlich stattfindende Sommerfest der GR\u00dcNEN im Landkreis Kassel\u00a0 fand dieses Jahr im September in Ahnatal-Heckershausen statt, bei sonnigem Wetter und&#8230; <\/p>\n","protected":false},"author":6,"featured_media":581,"comment_status":"open","ping_status":"open","sticky":false,"template":"","format":"standard","meta":{"ngg_post_thumbnail":0},"categories":[1],"tags":[],"_links":{"self":[{"href":"http:\/\/gruene-lk-ks.de\/baunatal\/wp-json\/wp\/v2\/posts\/579"}],"collection":[{"href":"http:\/\/gruene-lk-ks.de\/baunatal\/wp-json\/wp\/v2\/posts"}],"about":[{"href":"http:\/\/gruene-lk-ks.de\/baunatal\/wp-json\/wp\/v2\/types\/post"}],"author":[{"embeddable":true,"href":"http:\/\/gruene-lk-ks.de\/baunatal\/wp-json\/wp\/v2\/users\/6"}],"replies":[{"embeddable":true,"href":"http:\/\/gruene-lk-ks.de\/baunatal\/wp-json\/wp\/v2\/comments?post=579"}],"version-history":[{"count":6,"href":"http:\/\/gruene-lk-ks.de\/baunatal\/wp-json\/wp\/v2\/posts\/579\/revisions"}],"predecessor-version":[{"id":587,"href":"http:\/\/gruene-lk-ks.de\/baunatal\/wp-json\/wp\/v2\/posts\/579\/revisions\/587"}],"wp:featuredmedia":[{"embeddable":true,"href":"http:\/\/gruene-lk-ks.de\/baunatal\/wp-json\/wp\/v2\/media\/581"}],"wp:attachment":[{"href":"http:\/\/gruene-lk-ks.de\/baunatal\/wp-json\/wp\/v2\/media?parent=579"}],"wp:term":[{"taxonomy":"category","embeddable":true,"href":"http:\/\/gruene-lk-ks.de\/baunatal\/wp-json\/wp\/v2\/categories?post=579"},{"taxonomy":"post_tag","embeddable":true,"href":"http:\/\/gruene-lk-ks.de\/baunatal\/wp-json\/wp\/v2\/tags?post=579"}],"curies":[{"name":"wp","href":"https:\/\/api.w.org\/{rel}","templated":true}]}}