{"id":588,"date":"2016-09-26T23:22:35","date_gmt":"2016-09-26T21:22:35","guid":{"rendered":"http:\/\/gruene-lk-ks.de\/baunatal\/?p=588"},"modified":"2016-09-26T23:22:35","modified_gmt":"2016-09-26T21:22:35","slug":"fahrt-zu-renaturierungsflaechen-in-guntershausen","status":"publish","type":"post","link":"http:\/\/gruene-lk-ks.de\/baunatal\/fahrt-zu-renaturierungsflaechen-in-guntershausen\/","title":{"rendered":"Fahrt zu Renaturierungsfl\u00e4chen in Guntershausen"},"content":{"rendered":"<p style=\"text-align: right\">26. Sept. 2016<\/p>\n<h2><u>Fahrt zu Renaturierungsfl\u00e4chen in Guntershausen<\/u><\/h2>\n<div id=\"attachment_590\" class=\"wp-caption alignright\" style=\"width: 500px\"><a class=\"fancybox\" rel=\"gallery588\" href=\"http:\/\/gruene-lk-ks.de\/baunatal\/files\/2016\/09\/20160922_1526211.jpg\" rel=\"attachment wp-att-590\"><img loading=\"lazy\" class=\"wp-image-590\" src=\"http:\/\/gruene-lk-ks.de\/baunatal\/files\/2016\/09\/20160922_1526211-800x450.jpg\" alt=\"Hinweistafel zur Baunam\u00fcndung\" width=\"500\" height=\"281\" srcset=\"http:\/\/gruene-lk-ks.de\/baunatal\/files\/2016\/09\/20160922_1526211-800x450.jpg 800w, http:\/\/gruene-lk-ks.de\/baunatal\/files\/2016\/09\/20160922_1526211-400x225.jpg 400w, http:\/\/gruene-lk-ks.de\/baunatal\/files\/2016\/09\/20160922_1526211-768x432.jpg 768w, http:\/\/gruene-lk-ks.de\/baunatal\/files\/2016\/09\/20160922_1526211-150x84.jpg 150w\" sizes=\"(max-width: 500px) 100vw, 500px\" \/><\/a><p class=\"wp-caption-text\">Hinweistafel zur Baunam\u00fcndung<\/p><\/div>\n<p>Der GR\u00dcNEN Stadtverordnete Lothar Rost nahm im Rahmen des 4. Hessischen Tags der Nachhaltigkeit am 22.09.2016 an einer Busfahrt zu den Renaturierungsfl\u00e4chen in Guntershausen teil.<br \/>\nDen Teilnehmern wurde durch Erl\u00e4uterungen von Referenten die Artenvielfalt und der Lebensraum der Tiere und Pflanzen im Bereich der unterschiedlichen Gew\u00e4ssertypen Fulda und Bauna n\u00e4hergebracht.<br \/>\nEs wurden folgende Renaturierungsfl\u00e4chen besichtigt:<\/p>\n<ul>\n<li>die Bauna zwischen Ratio und Guntershausen<\/li>\n<li>die neu gestaltete Baunam\u00fcndung<\/li>\n<li>die renaturierte Fuldaaue<\/li>\n<\/ul>\n<p>Die Renaturierung der Baunam\u00fcndung ist eine von mehreren Ausgleichsma\u00dfnahmen von Kirchbauna bis Gunterhausen f\u00fcr das Gewerbegebiet Linnfeld im Stadtteil Kirchbauna.<\/p>\n<div id=\"attachment_589\" class=\"wp-caption alignright\" style=\"width: 500px\"><a class=\"fancybox\" rel=\"gallery588\" href=\"http:\/\/gruene-lk-ks.de\/baunatal\/files\/2016\/09\/20160922_1429301.jpg\" rel=\"attachment wp-att-589\"><img loading=\"lazy\" class=\"wp-image-589\" src=\"http:\/\/gruene-lk-ks.de\/baunatal\/files\/2016\/09\/20160922_1429301-800x450.jpg\" alt=\"Renaturierungsfl\u00e4che der Bauna\" width=\"500\" height=\"281\" srcset=\"http:\/\/gruene-lk-ks.de\/baunatal\/files\/2016\/09\/20160922_1429301-800x450.jpg 800w, http:\/\/gruene-lk-ks.de\/baunatal\/files\/2016\/09\/20160922_1429301-400x225.jpg 400w, http:\/\/gruene-lk-ks.de\/baunatal\/files\/2016\/09\/20160922_1429301-768x432.jpg 768w, http:\/\/gruene-lk-ks.de\/baunatal\/files\/2016\/09\/20160922_1429301-150x84.jpg 150w\" sizes=\"(max-width: 500px) 100vw, 500px\" \/><\/a><p class=\"wp-caption-text\">Renaturierungsfl\u00e4che der Bauna<\/p><\/div>\n<p>Alle Renaturierungsma\u00dfnahmen dienen der Ansiedlung heimischer Flora und Fauna, so z.B. als Brutst\u00e4tte f\u00fcr den Eisvogel oder im Flachwasser als Habitat f\u00fcr Jungfische, und somit als Grundlage zur Entwicklung eines funktionsf\u00e4higen \u00d6kosystem.<br \/>\nWir GR\u00dcNE unterst\u00fctzen diese Ma\u00dfnahmen und empfehlen allen interessierten B\u00fcrgerinnen und B\u00fcrgern, die Renaturierungsfl\u00e4chen an der Bauna, der Baunam\u00fcndung und der Fuldaaue zu besichtigen.<\/p>\n<p>&nbsp;<\/p>\n<p><strong><u>\u00a0<\/u><\/strong><\/p>\n","protected":false},"excerpt":{"rendered":"<p>26. Sept. 2016 Fahrt zu Renaturierungsfl\u00e4chen in Guntershausen Der GR\u00dcNEN Stadtverordnete Lothar Rost nahm im Rahmen des 4. Hessischen Tags der Nachhaltigkeit am 22.09.2016 an einer Busfahrt zu den Renaturierungsfl\u00e4chen&#8230; <\/p>\n","protected":false},"author":6,"featured_media":589,"comment_status":"open","ping_status":"open","sticky":false,"template":"","format":"standard","meta":{"ngg_post_thumbnail":0},"categories":[1],"tags":[],"_links":{"self":[{"href":"http:\/\/gruene-lk-ks.de\/baunatal\/wp-json\/wp\/v2\/posts\/588"}],"collection":[{"href":"http:\/\/gruene-lk-ks.de\/baunatal\/wp-json\/wp\/v2\/posts"}],"about":[{"href":"http:\/\/gruene-lk-ks.de\/baunatal\/wp-json\/wp\/v2\/types\/post"}],"author":[{"embeddable":true,"href":"http:\/\/gruene-lk-ks.de\/baunatal\/wp-json\/wp\/v2\/users\/6"}],"replies":[{"embeddable":true,"href":"http:\/\/gruene-lk-ks.de\/baunatal\/wp-json\/wp\/v2\/comments?post=588"}],"version-history":[{"count":3,"href":"http:\/\/gruene-lk-ks.de\/baunatal\/wp-json\/wp\/v2\/posts\/588\/revisions"}],"predecessor-version":[{"id":593,"href":"http:\/\/gruene-lk-ks.de\/baunatal\/wp-json\/wp\/v2\/posts\/588\/revisions\/593"}],"wp:featuredmedia":[{"embeddable":true,"href":"http:\/\/gruene-lk-ks.de\/baunatal\/wp-json\/wp\/v2\/media\/589"}],"wp:attachment":[{"href":"http:\/\/gruene-lk-ks.de\/baunatal\/wp-json\/wp\/v2\/media?parent=588"}],"wp:term":[{"taxonomy":"category","embeddable":true,"href":"http:\/\/gruene-lk-ks.de\/baunatal\/wp-json\/wp\/v2\/categories?post=588"},{"taxonomy":"post_tag","embeddable":true,"href":"http:\/\/gruene-lk-ks.de\/baunatal\/wp-json\/wp\/v2\/tags?post=588"}],"curies":[{"name":"wp","href":"https:\/\/api.w.org\/{rel}","templated":true}]}}