{"id":595,"date":"2016-10-09T12:15:25","date_gmt":"2016-10-09T10:15:25","guid":{"rendered":"http:\/\/gruene-lk-ks.de\/baunatal\/?p=595"},"modified":"2016-10-09T12:20:27","modified_gmt":"2016-10-09T10:20:27","slug":"besichtigung-der-kindertagesstaette-kleine-maulwuerfe","status":"publish","type":"post","link":"http:\/\/gruene-lk-ks.de\/baunatal\/besichtigung-der-kindertagesstaette-kleine-maulwuerfe\/","title":{"rendered":"Besichtigung der Kindertagesst\u00e4tte \u201eKleine Maulw\u00fcrfe\u201c"},"content":{"rendered":"<p style=\"text-align: right\">30. Sept. 2016<\/p>\n<p><strong><u>Besichtigung der Kindertagesst\u00e4tte \u201eKleine Maulw\u00fcrfe\u201c<\/u><\/strong><\/p>\n<p><a class=\"fancybox\" rel=\"gallery595\" href=\"http:\/\/gruene-lk-ks.de\/baunatal\/files\/2016\/10\/Martin-Mittelbach-Corinna-Wege-Ulrike-Vernaleken-J\u00fcrgen-B\u00f6hme-Lothar-Rost.jpg\" rel=\"attachment wp-att-596\"><img loading=\"lazy\" class=\"alignright wp-image-596\" src=\"http:\/\/gruene-lk-ks.de\/baunatal\/files\/2016\/10\/Martin-Mittelbach-Corinna-Wege-Ulrike-Vernaleken-J\u00fcrgen-B\u00f6hme-Lothar-Rost-800x600.jpg\" alt=\"martin-mittelbach-corinna-wege-ulrike-vernaleken-juergen-boehme-lothar-rost\" width=\"500\" height=\"375\" srcset=\"http:\/\/gruene-lk-ks.de\/baunatal\/files\/2016\/10\/Martin-Mittelbach-Corinna-Wege-Ulrike-Vernaleken-J\u00fcrgen-B\u00f6hme-Lothar-Rost-800x600.jpg 800w, http:\/\/gruene-lk-ks.de\/baunatal\/files\/2016\/10\/Martin-Mittelbach-Corinna-Wege-Ulrike-Vernaleken-J\u00fcrgen-B\u00f6hme-Lothar-Rost-400x300.jpg 400w, http:\/\/gruene-lk-ks.de\/baunatal\/files\/2016\/10\/Martin-Mittelbach-Corinna-Wege-Ulrike-Vernaleken-J\u00fcrgen-B\u00f6hme-Lothar-Rost-768x576.jpg 768w, http:\/\/gruene-lk-ks.de\/baunatal\/files\/2016\/10\/Martin-Mittelbach-Corinna-Wege-Ulrike-Vernaleken-J\u00fcrgen-B\u00f6hme-Lothar-Rost-150x113.jpg 150w\" sizes=\"(max-width: 500px) 100vw, 500px\" \/><\/a><br \/>\nDie Kindertagesst\u00e4tte ist eine sozialp\u00e4dagogische Einrichtung der Gertruden Betreuung GmbH des Evangelisch-Lutherischen Gertrudenstift e.V.\u00a0Der GR\u00dcNE Stadtrat J\u00fcrgen B\u00f6hme und der GR\u00dcNE Stadtverordnete Lothar Rost besichtigten am 27.09.2016 die neue Kita in Gro\u00dfenritte, die am 01.09.2016 er\u00f6ffnet wurde.\u00a0Der Einrichtungsleiter, Herr Martin Mittelbach, und die beiden Kita-Leiterinnen, Frau Corinna Wege und Frau Ulrike Vernaleken, f\u00fchrten uns durch die neuen hellen R\u00e4ume.\u00a0Das neue KITA-Geb\u00e4ude neben dem Gertrudenstift Baunatal ist nahezu im Erdreich eingebettet und erh\u00e4lt unter anderem eine bespielbare Dachfl\u00e4che.\u00a0In der Einrichtung werden bis zu 62 Kinder in drei Gruppen betreut, eine reine Krippengruppe mit 12 Kindern und zwei Kindergartengruppen mit bis zu je 23 Kindern.\u00a0Gearbeitet wird nach dem situationsorientierten Ansatz, um den Bed\u00fcrfnissen der Kinder\u00a0m\u00f6glichst weitgehend gerecht zu werden. Das bedeutet, dass von den Interessen der\u00a0Kinder ausgehend der Alltag gemeinsam gestaltet wird und sie in ihrer Entwicklung als\u00a0selbst\u00e4ndige und wissbegierige Menschen gef\u00f6rdert und unterst\u00fctzt werden.<\/p>\n<p>Die Kita \u2013 Pl\u00e4tze werden unabh\u00e4ngig von Religion und Nationalit\u00e4t \u00fcber die Koordinationsstelle der Stadt Baunatal vergeben.<\/p>\n<p>&nbsp;<\/p>\n","protected":false},"excerpt":{"rendered":"<p>30. Sept. 2016 Besichtigung der Kindertagesst\u00e4tte \u201eKleine Maulw\u00fcrfe\u201c Die Kindertagesst\u00e4tte ist eine sozialp\u00e4dagogische Einrichtung der Gertruden Betreuung GmbH des Evangelisch-Lutherischen Gertrudenstift e.V.\u00a0Der GR\u00dcNE Stadtrat J\u00fcrgen B\u00f6hme und der GR\u00dcNE Stadtverordnete&#8230; <\/p>\n","protected":false},"author":6,"featured_media":596,"comment_status":"open","ping_status":"open","sticky":false,"template":"","format":"standard","meta":{"ngg_post_thumbnail":0},"categories":[1],"tags":[],"_links":{"self":[{"href":"http:\/\/gruene-lk-ks.de\/baunatal\/wp-json\/wp\/v2\/posts\/595"}],"collection":[{"href":"http:\/\/gruene-lk-ks.de\/baunatal\/wp-json\/wp\/v2\/posts"}],"about":[{"href":"http:\/\/gruene-lk-ks.de\/baunatal\/wp-json\/wp\/v2\/types\/post"}],"author":[{"embeddable":true,"href":"http:\/\/gruene-lk-ks.de\/baunatal\/wp-json\/wp\/v2\/users\/6"}],"replies":[{"embeddable":true,"href":"http:\/\/gruene-lk-ks.de\/baunatal\/wp-json\/wp\/v2\/comments?post=595"}],"version-history":[{"count":1,"href":"http:\/\/gruene-lk-ks.de\/baunatal\/wp-json\/wp\/v2\/posts\/595\/revisions"}],"predecessor-version":[{"id":597,"href":"http:\/\/gruene-lk-ks.de\/baunatal\/wp-json\/wp\/v2\/posts\/595\/revisions\/597"}],"wp:featuredmedia":[{"embeddable":true,"href":"http:\/\/gruene-lk-ks.de\/baunatal\/wp-json\/wp\/v2\/media\/596"}],"wp:attachment":[{"href":"http:\/\/gruene-lk-ks.de\/baunatal\/wp-json\/wp\/v2\/media?parent=595"}],"wp:term":[{"taxonomy":"category","embeddable":true,"href":"http:\/\/gruene-lk-ks.de\/baunatal\/wp-json\/wp\/v2\/categories?post=595"},{"taxonomy":"post_tag","embeddable":true,"href":"http:\/\/gruene-lk-ks.de\/baunatal\/wp-json\/wp\/v2\/tags?post=595"}],"curies":[{"name":"wp","href":"https:\/\/api.w.org\/{rel}","templated":true}]}}