{"id":598,"date":"2016-10-09T12:19:50","date_gmt":"2016-10-09T10:19:50","guid":{"rendered":"http:\/\/gruene-lk-ks.de\/baunatal\/?p=598"},"modified":"2016-10-09T12:19:50","modified_gmt":"2016-10-09T10:19:50","slug":"gruener-stadtspaziergang-in-der-innenstadt","status":"publish","type":"post","link":"http:\/\/gruene-lk-ks.de\/baunatal\/gruener-stadtspaziergang-in-der-innenstadt\/","title":{"rendered":"GR\u00dcNER Stadtspaziergang in der Innenstadt"},"content":{"rendered":"<p class=\"Standard1\" style=\"text-align: right\"><span style=\"font-size: 12.0pt;line-height: 115%\">12.10.16<\/span><\/p>\n<p class=\"Standard1\"><b><span style=\"font-size: 14.0pt;line-height: 115%;font-family: 'Times New Roman'\">GR\u00dcNER Stadtspaziergang in der Innenstadt<\/span><\/b><\/p>\n<div id=\"attachment_599\" class=\"wp-caption alignright\" style=\"width: 500px\"><a class=\"fancybox\" rel=\"gallery598\" href=\"http:\/\/gruene-lk-ks.de\/baunatal\/files\/2016\/10\/IMG_1018.jpg\" rel=\"attachment wp-att-599\"><img loading=\"lazy\" class=\"wp-image-599\" src=\"http:\/\/gruene-lk-ks.de\/baunatal\/files\/2016\/10\/IMG_1018-800x533.jpg\" alt=\"Eine besondere Form von \u201eWohnen unter B\u00e4umen\u201c \" width=\"500\" height=\"333\" srcset=\"http:\/\/gruene-lk-ks.de\/baunatal\/files\/2016\/10\/IMG_1018-800x533.jpg 800w, http:\/\/gruene-lk-ks.de\/baunatal\/files\/2016\/10\/IMG_1018-400x267.jpg 400w, http:\/\/gruene-lk-ks.de\/baunatal\/files\/2016\/10\/IMG_1018-768x512.jpg 768w, http:\/\/gruene-lk-ks.de\/baunatal\/files\/2016\/10\/IMG_1018-150x100.jpg 150w\" sizes=\"(max-width: 500px) 100vw, 500px\" \/><\/a><p class=\"wp-caption-text\">Eine besondere Form von \u201eWohnen unter B\u00e4umen\u201c<\/p><\/div>\n<p class=\"Standard1\"><span style=\"font-size: 12.0pt;line-height: 115%;font-family: 'Times New Roman'\">Bei einem Herbstspaziergang der GR\u00dcNEN Baunatal wurde auch das alte THS-Gel\u00e4nde neben der KSV-Sportwelt besucht. Nachdem im hinteren Bereich die meisten Bauma\u00dfnahmen zeitgerecht abgeschlossen wurden, mussten die GR\u00dcNEN leider feststellen, dass der vordere Bereich entlang der Altenritter Stra\u00dfe seit Monaten immer mehr verkommt. Abgeholzte und nicht entsorgte Baumreste, wild abgelagerte Baumaterialien, abgemeldete Autos und ein seit mehreren Jahren zwischengelagerter Container aus Glas von VW hinterlassen keinen ansprechenden, optischen Eindruck an dieser vielbefahrenen Verkehrsachse zwischen Altenritte und Altenbauna. Der damals f\u00fcr dieses Musterbaugebiet hoch gelobte und und in Hochglanzbrosch\u00fcren beworbene Slogan <b>\u201cWohnen unter B\u00e4umen\u201c<\/b> hinterl\u00e4sst in diesem Sektor heute in der Realit\u00e4t einen makabren Beigeschmack.<\/span><\/p>\n<p class=\"Standard1\"><span style=\"font-size: 12.0pt;line-height: 115%;font-family: 'Times New Roman'\">Die Frage bleibt also, wie geht es weiter und ist der Bauherr bzw. Bautr\u00e4ger noch in der Lage, zeitnah das Gel\u00e4nde zu bebauen oder zumindest diesen Schandfleck zu beseitigen? Gleichzeitig verz\u00f6gert sich dadurch auch der Endausbau der Zufahrtswege zu den hinteren Grundst\u00fccken, welches einigen Anwohnern inzwischen ein \u00c4rgernis ist.<\/span><\/p>\n<p class=\"Standard1\"><span style=\"font-size: 12.0pt;line-height: 115%;font-family: 'Times New Roman'\">Ein weiteres Ergebnis des Rundgangs f\u00fcr die GR\u00dcNEN ist auch genauer hinzuschauen, wer zuk\u00fcnftig bei der Vergabe st\u00e4dtischer Grundst\u00fccke (z.B. im Neubaugebiet am Baunsberg) zum Zuge kommt. Hier haben in der Vergangenheit oft die gleichen Bautr\u00e4ger den Zuschlag erhalten.<\/span><\/p>\n","protected":false},"excerpt":{"rendered":"<p>12.10.16 GR\u00dcNER Stadtspaziergang in der Innenstadt Bei einem Herbstspaziergang der GR\u00dcNEN Baunatal wurde auch das alte THS-Gel\u00e4nde neben der KSV-Sportwelt besucht. Nachdem im hinteren Bereich die meisten Bauma\u00dfnahmen zeitgerecht abgeschlossen&#8230; <\/p>\n","protected":false},"author":6,"featured_media":599,"comment_status":"open","ping_status":"open","sticky":false,"template":"","format":"standard","meta":{"ngg_post_thumbnail":0},"categories":[1],"tags":[],"_links":{"self":[{"href":"http:\/\/gruene-lk-ks.de\/baunatal\/wp-json\/wp\/v2\/posts\/598"}],"collection":[{"href":"http:\/\/gruene-lk-ks.de\/baunatal\/wp-json\/wp\/v2\/posts"}],"about":[{"href":"http:\/\/gruene-lk-ks.de\/baunatal\/wp-json\/wp\/v2\/types\/post"}],"author":[{"embeddable":true,"href":"http:\/\/gruene-lk-ks.de\/baunatal\/wp-json\/wp\/v2\/users\/6"}],"replies":[{"embeddable":true,"href":"http:\/\/gruene-lk-ks.de\/baunatal\/wp-json\/wp\/v2\/comments?post=598"}],"version-history":[{"count":1,"href":"http:\/\/gruene-lk-ks.de\/baunatal\/wp-json\/wp\/v2\/posts\/598\/revisions"}],"predecessor-version":[{"id":600,"href":"http:\/\/gruene-lk-ks.de\/baunatal\/wp-json\/wp\/v2\/posts\/598\/revisions\/600"}],"wp:featuredmedia":[{"embeddable":true,"href":"http:\/\/gruene-lk-ks.de\/baunatal\/wp-json\/wp\/v2\/media\/599"}],"wp:attachment":[{"href":"http:\/\/gruene-lk-ks.de\/baunatal\/wp-json\/wp\/v2\/media?parent=598"}],"wp:term":[{"taxonomy":"category","embeddable":true,"href":"http:\/\/gruene-lk-ks.de\/baunatal\/wp-json\/wp\/v2\/categories?post=598"},{"taxonomy":"post_tag","embeddable":true,"href":"http:\/\/gruene-lk-ks.de\/baunatal\/wp-json\/wp\/v2\/tags?post=598"}],"curies":[{"name":"wp","href":"https:\/\/api.w.org\/{rel}","templated":true}]}}